{"id":12341,"date":"2023-02-04T15:02:09","date_gmt":"2023-02-04T14:02:09","guid":{"rendered":"https:\/\/www.garagemania.ch\/amenager-un-espace-buanderie-dans-son-garage\/"},"modified":"2023-02-16T17:37:11","modified_gmt":"2023-02-16T16:37:11","slug":"amenager-un-espace-buanderie-dans-son-garage","status":"publish","type":"post","link":"https:\/\/www.garagemania.ch\/fr\/amenager-un-espace-buanderie-dans-son-garage\/","title":{"rendered":"Am\u00e9nager un espace buanderie dans son garage"},"content":{"rendered":"\t\t<div data-elementor-type=\"wp-post\" data-elementor-id=\"12341\" class=\"elementor elementor-12341 elementor-6031\" data-elementor-post-type=\"post\">\n\t\t\t\t\t\t<section class=\"elementor-section elementor-top-section elementor-element elementor-element-12c80c3 elementor-section-boxed elementor-section-height-default elementor-section-height-default\" data-id=\"12c80c3\" data-element_type=\"section\" data-e-type=\"section\">\n\t\t\t\t\t\t<div class=\"elementor-container elementor-column-gap-default\">\n\t\t\t\t\t<div class=\"elementor-column elementor-col-100 elementor-top-column elementor-element elementor-element-8f5fc39\" data-id=\"8f5fc39\" data-element_type=\"column\" data-e-type=\"column\">\n\t\t\t<div class=\"elementor-widget-wrap elementor-element-populated\">\n\t\t\t\t\t\t<div class=\"elementor-element elementor-element-a6725e7 elementor-widget elementor-widget-text-editor\" data-id=\"a6725e7\" data-element_type=\"widget\" data-e-type=\"widget\" data-widget_type=\"text-editor.default\">\n\t\t\t\t<div class=\"elementor-widget-container\">\n\t\t\t\t\t\t\t\t\t<p>Si votre r\u00eave est d\u2019avoir un espace buanderie, o\u00f9 installer votre lave-linge et votre s\u00e8che-linge, et o\u00f9 ranger vos produits et accessoires m\u00e9nager, alors cet article est pour vous\u00a0!<\/p>\n<p>Suivez nos conseils et astuces d\u2019am\u00e9nagement pour cr\u00e9er votre buanderie dans votre garage et rendre cet espace accueillant et fonctionnel.<\/p>\n<p>Qu\u2019attendez-vous\u00a0? Poursuivez la lecture\u00a0!<\/p>\n\t\t\t\t\t\t\t\t<\/div>\n\t\t\t\t<\/div>\n\t\t\t\t<div class=\"elementor-element elementor-element-e7cd7ae elementor-widget elementor-widget-image\" data-id=\"e7cd7ae\" data-element_type=\"widget\" data-e-type=\"widget\" data-widget_type=\"image.default\">\n\t\t\t\t<div class=\"elementor-widget-container\">\n\t\t\t\t\t\t\t\t\t\t\t\t\t\t\t<img fetchpriority=\"high\" decoding=\"async\" width=\"1024\" height=\"559\" src=\"https:\/\/www.garagemania.ch\/wp-content\/uploads\/2021\/08\/Una-lavanderia-funzionale-con-i-prodotti-di-Garage-Mania-1024x559.jpg\" class=\"attachment-large size-large wp-image-6035\" alt=\"Una lavanderia funzionale con i prodotti di Garage Mania\" srcset=\"https:\/\/www.garagemania.ch\/wp-content\/uploads\/2021\/08\/Una-lavanderia-funzionale-con-i-prodotti-di-Garage-Mania-1024x559.jpg 1024w, https:\/\/www.garagemania.ch\/wp-content\/uploads\/2021\/08\/Una-lavanderia-funzionale-con-i-prodotti-di-Garage-Mania-300x164.jpg 300w, https:\/\/www.garagemania.ch\/wp-content\/uploads\/2021\/08\/Una-lavanderia-funzionale-con-i-prodotti-di-Garage-Mania-768x419.jpg 768w, https:\/\/www.garagemania.ch\/wp-content\/uploads\/2021\/08\/Una-lavanderia-funzionale-con-i-prodotti-di-Garage-Mania-600x327.jpg 600w, https:\/\/www.garagemania.ch\/wp-content\/uploads\/2021\/08\/Una-lavanderia-funzionale-con-i-prodotti-di-Garage-Mania.jpg 1100w\" sizes=\"(max-width: 1024px) 100vw, 1024px\" \/>\t\t\t\t\t\t\t\t\t\t\t\t\t\t\t<\/div>\n\t\t\t\t<\/div>\n\t\t\t\t\t<\/div>\n\t\t<\/div>\n\t\t\t\t\t<\/div>\n\t\t<\/section>\n\t\t\t\t<section class=\"elementor-section elementor-top-section elementor-element elementor-element-840faa0 elementor-section-boxed elementor-section-height-default elementor-section-height-default\" data-id=\"840faa0\" data-element_type=\"section\" data-e-type=\"section\">\n\t\t\t\t\t\t<div class=\"elementor-container elementor-column-gap-default\">\n\t\t\t\t\t<div class=\"elementor-column elementor-col-100 elementor-top-column elementor-element elementor-element-9382e66\" data-id=\"9382e66\" data-element_type=\"column\" data-e-type=\"column\">\n\t\t\t<div class=\"elementor-widget-wrap elementor-element-populated\">\n\t\t\t\t\t\t<div class=\"elementor-element elementor-element-0360d02 elementor-widget elementor-widget-heading\" data-id=\"0360d02\" data-element_type=\"widget\" data-e-type=\"widget\" data-widget_type=\"heading.default\">\n\t\t\t\t<div class=\"elementor-widget-container\">\n\t\t\t\t\t<h2 class=\"elementor-heading-title elementor-size-default\">Optimisation de l'espace<\/h2>\t\t\t\t<\/div>\n\t\t\t\t<\/div>\n\t\t\t\t<div class=\"elementor-element elementor-element-92b59a0 elementor-widget elementor-widget-text-editor\" data-id=\"92b59a0\" data-element_type=\"widget\" data-e-type=\"widget\" data-widget_type=\"text-editor.default\">\n\t\t\t\t<div class=\"elementor-widget-container\">\n\t\t\t\t\t\t\t\t\t<p>Si vous \u00eates un vrai passionn\u00e9 de garage, vous savez d\u00e9j\u00e0 que chez Garage Mania, nous aimons les d\u00e9fis\u00a0!<br \/>\nEt bien soyez certain que nous trouverons la meilleure solution d\u2019am\u00e9nagement de votre buanderie, quel que soit l\u2019espace disponible dans votre garage\u00a0!<\/p>\n<p>Nous vous proposons un accompagnement sur mesure o\u00f9 que vous souhaitiez installer votre buanderie\u00a0: dans la maison, au sous-sol, \u00e0 la cave\u2026 pas uniquement dans le garage\u00a0!<\/p>\n<p>Le premier conseil de Garage Mania est d\u2019opter pour des machines \u00e0 laver et s\u00e9cher individuelles, afin d\u2019avoir le moins de contraintes possibles pour am\u00e9nager votre buanderie, surtout si l\u2019espace est restreint.<\/p>\n<p>Une de nos astuces est d\u2019exploiter un pan de mur pour suspendre plusieurs meubles. En effet, gr\u00e2ce aux <a href=\"https:\/\/www.garagemania.ch\/fr\/cat\u00e9gorie-de-produit\/systemes-muraux\/\"><strong>syst\u00e8mes muraux Gladiator<\/strong><\/a> de Garage Mania vous pouvez cr\u00e9er un am\u00e9nagement mural avec un maximum d\u2019\u00e9l\u00e9ments suspendus, lib\u00e9rant ainsi un volume non n\u00e9gligeable au sol.\u00a0 .<br \/>\nVous pouvez aussi utiliser l\u2019espace disponible sous <a href=\"https:\/\/www.garagemania.ch\/fr\/cat\u00e9gorie-de-produit\/etablis\/\"><strong>un \u00e9tabli ou un plan de travail<\/strong><\/a>, pour ins\u00e9rer des armoires basses, des coffres de rangement, ou vos machines \u00e0 laver et s\u00e9cher le linge.<\/p>\n\t\t\t\t\t\t\t\t<\/div>\n\t\t\t\t<\/div>\n\t\t\t\t<div class=\"elementor-element elementor-element-c399094 elementor-widget elementor-widget-image\" data-id=\"c399094\" data-element_type=\"widget\" data-e-type=\"widget\" data-widget_type=\"image.default\">\n\t\t\t\t<div class=\"elementor-widget-container\">\n\t\t\t\t\t\t\t\t\t\t\t\t\t\t\t<img decoding=\"async\" width=\"1024\" height=\"559\" src=\"https:\/\/www.garagemania.ch\/wp-content\/uploads\/2021\/08\/Arreda-la-lavanderia-con-i-prodotti-di-Garage-Mania-1024x559.jpg\" class=\"attachment-large size-large wp-image-6039\" alt=\"Arreda la lavanderia con i prodotti di Garage Mania\" srcset=\"https:\/\/www.garagemania.ch\/wp-content\/uploads\/2021\/08\/Arreda-la-lavanderia-con-i-prodotti-di-Garage-Mania-1024x559.jpg 1024w, https:\/\/www.garagemania.ch\/wp-content\/uploads\/2021\/08\/Arreda-la-lavanderia-con-i-prodotti-di-Garage-Mania-300x164.jpg 300w, https:\/\/www.garagemania.ch\/wp-content\/uploads\/2021\/08\/Arreda-la-lavanderia-con-i-prodotti-di-Garage-Mania-768x419.jpg 768w, https:\/\/www.garagemania.ch\/wp-content\/uploads\/2021\/08\/Arreda-la-lavanderia-con-i-prodotti-di-Garage-Mania-600x327.jpg 600w, https:\/\/www.garagemania.ch\/wp-content\/uploads\/2021\/08\/Arreda-la-lavanderia-con-i-prodotti-di-Garage-Mania.jpg 1100w\" sizes=\"(max-width: 1024px) 100vw, 1024px\" \/>\t\t\t\t\t\t\t\t\t\t\t\t\t\t\t<\/div>\n\t\t\t\t<\/div>\n\t\t\t\t\t<\/div>\n\t\t<\/div>\n\t\t\t\t\t<\/div>\n\t\t<\/section>\n\t\t\t\t<section class=\"elementor-section elementor-top-section elementor-element elementor-element-f9dc11e elementor-section-boxed elementor-section-height-default elementor-section-height-default\" data-id=\"f9dc11e\" data-element_type=\"section\" data-e-type=\"section\">\n\t\t\t\t\t\t<div class=\"elementor-container elementor-column-gap-default\">\n\t\t\t\t\t<div class=\"elementor-column elementor-col-100 elementor-top-column elementor-element elementor-element-bfb8dde\" data-id=\"bfb8dde\" data-element_type=\"column\" data-e-type=\"column\">\n\t\t\t<div class=\"elementor-widget-wrap elementor-element-populated\">\n\t\t\t\t\t\t<div class=\"elementor-element elementor-element-62199a4 elementor-widget elementor-widget-heading\" data-id=\"62199a4\" data-element_type=\"widget\" data-e-type=\"widget\" data-widget_type=\"heading.default\">\n\t\t\t\t<div class=\"elementor-widget-container\">\n\t\t\t\t\t<h2 class=\"elementor-heading-title elementor-size-default\">Am\u00e9nagement de la buanderie<\/h2>\t\t\t\t<\/div>\n\t\t\t\t<\/div>\n\t\t\t\t<div class=\"elementor-element elementor-element-2d2a19e elementor-widget elementor-widget-text-editor\" data-id=\"2d2a19e\" data-element_type=\"widget\" data-e-type=\"widget\" data-widget_type=\"text-editor.default\">\n\t\t\t\t<div class=\"elementor-widget-container\">\n\t\t\t\t\t\t\t\t\t<p>Pour am\u00e9nager votre buanderie, vous pouvez suspendre au mur ou laisser au sol le mobilier\u00a0: <a href=\"https:\/\/www.garagemania.ch\/fr\/prodotto\/kit-de-roulettes-pour-armoire-a-outils-modulable-gearbox-gack04kdsx\/\"><strong>avec ou sans roulettes<\/strong><\/a><strong>,<\/strong> peu encombrant ou design.<\/p>\n<p>\u00c9tablissez en amont vos priorit\u00e9s et besoins afin de d\u00e9terminer les \u00e9l\u00e9ments indispensables \u00e0 l\u2019am\u00e9nagement de votre buanderie.<\/p>\n<p>Par exemple, peut-\u00eatre avez-vous besoin de suspendre des v\u00eatements ou d\u2019un espace pour le repassage\u00a0? Dans ce cas, il faudra optimiser l\u2019espace buanderie pour pouvoir installer une table \u00e0 repasser et une corde \u00e0 linge ou un \u00e9tendoir.<\/p>\n<p>Pr\u00e9voyez \u00e9galement des <a href=\"https:\/\/www.garagemania.ch\/fr\/cat\u00e9gorie-de-produit\/armoires\/\"><strong>armoires<\/strong><\/a> ou <a href=\"https:\/\/www.garagemania.ch\/fr\/cat\u00e9gorie-de-produit\/petit-armoires\/\"><strong>petites armoires<\/strong><\/a> qui sont des solutions de rangement simples et fonctionnelles.<\/p>\n\t\t\t\t\t\t\t\t<\/div>\n\t\t\t\t<\/div>\n\t\t\t\t<div class=\"elementor-element elementor-element-4a40ac0 elementor-widget elementor-widget-image\" data-id=\"4a40ac0\" data-element_type=\"widget\" data-e-type=\"widget\" data-widget_type=\"image.default\">\n\t\t\t\t<div class=\"elementor-widget-container\">\n\t\t\t\t\t\t\t\t\t\t\t\t\t\t\t<img decoding=\"async\" width=\"1024\" height=\"559\" src=\"https:\/\/www.garagemania.ch\/wp-content\/uploads\/2021\/08\/Garage-Mania-offre-una-vasta-gamma-di-prodotti-anche-per-la-tua-lavanderia-1024x559.jpg\" class=\"attachment-large size-large wp-image-6043\" alt=\"Garage Mania offre una vasta gamma di prodotti anche per la tua lavanderia\" srcset=\"https:\/\/www.garagemania.ch\/wp-content\/uploads\/2021\/08\/Garage-Mania-offre-una-vasta-gamma-di-prodotti-anche-per-la-tua-lavanderia-1024x559.jpg 1024w, https:\/\/www.garagemania.ch\/wp-content\/uploads\/2021\/08\/Garage-Mania-offre-una-vasta-gamma-di-prodotti-anche-per-la-tua-lavanderia-300x164.jpg 300w, https:\/\/www.garagemania.ch\/wp-content\/uploads\/2021\/08\/Garage-Mania-offre-una-vasta-gamma-di-prodotti-anche-per-la-tua-lavanderia-768x419.jpg 768w, https:\/\/www.garagemania.ch\/wp-content\/uploads\/2021\/08\/Garage-Mania-offre-una-vasta-gamma-di-prodotti-anche-per-la-tua-lavanderia-600x327.jpg 600w, https:\/\/www.garagemania.ch\/wp-content\/uploads\/2021\/08\/Garage-Mania-offre-una-vasta-gamma-di-prodotti-anche-per-la-tua-lavanderia.jpg 1100w\" sizes=\"(max-width: 1024px) 100vw, 1024px\" \/>\t\t\t\t\t\t\t\t\t\t\t\t\t\t\t<\/div>\n\t\t\t\t<\/div>\n\t\t\t\t<div class=\"elementor-element elementor-element-8c9a7b6 elementor-widget elementor-widget-text-editor\" data-id=\"8c9a7b6\" data-element_type=\"widget\" data-e-type=\"widget\" data-widget_type=\"text-editor.default\">\n\t\t\t\t<div class=\"elementor-widget-container\">\n\t\t\t\t\t\t\t\t\t<p>Am\u00e9nager une buanderie dans son garage peut sembler difficile. Mais en suivant les conseils de Garage Mania, cela deviendra un jeu d\u2019enfants\u00a0!<\/p>\n<p>L\u2019\u00e9quipe de Garage Mania est \u00e0 votre disposition pour vous conseiller l\u2019am\u00e9nagement id\u00e9al permettant d\u2019am\u00e9nager une buanderie dans votre garage, tout en respectant vos exigences et vos besoins. <strong>Contactez-nous pour r\u00e9aliser ensemble votre projet personnel.<\/strong><\/p>\n<p><a href=\"https:\/\/www.garagemania.ch\/fr\/contacts\/\">Contactez-nous pour une consultation gratuite !<\/a><\/p>\n\t\t\t\t\t\t\t\t<\/div>\n\t\t\t\t<\/div>\n\t\t\t\t\t<\/div>\n\t\t<\/div>\n\t\t\t\t\t<\/div>\n\t\t<\/section>\n\t\t\t\t<\/div>\n\t\t","protected":false},"excerpt":{"rendered":"<p>Vous souhaitez am\u00e9nager une buanderie dans votre garage ? Accueillante et fonctionnelle ? D\u00e9couvrez les conseils des architectes d\u2019int\u00e9rieur de Garage Mania. <\/p>\n","protected":false},"author":2,"featured_media":6050,"comment_status":"open","ping_status":"open","sticky":false,"template":"","format":"standard","meta":{"site-sidebar-layout":"default","site-content-layout":"default","ast-site-content-layout":"default","site-content-style":"default","site-sidebar-style":"default","ast-global-header-display":"","ast-banner-title-visibility":"","ast-main-header-display":"","ast-hfb-above-header-display":"","ast-hfb-below-header-display":"","ast-hfb-mobile-header-display":"","site-post-title":"","ast-breadcrumbs-content":"","ast-featured-img":"","footer-sml-layout":"","ast-disable-related-posts":"","theme-transparent-header-meta":"default","adv-header-id-meta":"","stick-header-meta":"","header-above-stick-meta":"","header-main-stick-meta":"","header-below-stick-meta":"","astra-migrate-meta-layouts":"default","ast-page-background-enabled":"default","ast-page-background-meta":{"desktop":{"background-color":"","background-image":"","background-repeat":"repeat","background-position":"center center","background-size":"auto","background-attachment":"scroll","background-type":"","background-media":"","overlay-type":"","overlay-color":"","overlay-opacity":"","overlay-gradient":""},"tablet":{"background-color":"","background-image":"","background-repeat":"repeat","background-position":"center center","background-size":"auto","background-attachment":"scroll","background-type":"","background-media":"","overlay-type":"","overlay-color":"","overlay-opacity":"","overlay-gradient":""},"mobile":{"background-color":"","background-image":"","background-repeat":"repeat","background-position":"center center","background-size":"auto","background-attachment":"scroll","background-type":"","background-media":"","overlay-type":"","overlay-color":"","overlay-opacity":"","overlay-gradient":""}},"ast-content-background-meta":{"desktop":{"background-color":"var(--ast-global-color-5)","background-image":"","background-repeat":"repeat","background-position":"center center","background-size":"auto","background-attachment":"scroll","background-type":"","background-media":"","overlay-type":"","overlay-color":"","overlay-opacity":"","overlay-gradient":""},"tablet":{"background-color":"var(--ast-global-color-5)","background-image":"","background-repeat":"repeat","background-position":"center center","background-size":"auto","background-attachment":"scroll","background-type":"","background-media":"","overlay-type":"","overlay-color":"","overlay-opacity":"","overlay-gradient":""},"mobile":{"background-color":"var(--ast-global-color-5)","background-image":"","background-repeat":"repeat","background-position":"center center","background-size":"auto","background-attachment":"scroll","background-type":"","background-media":"","overlay-type":"","overlay-color":"","overlay-opacity":"","overlay-gradient":""}},"footnotes":""},"categories":[1434],"tags":[1438],"class_list":["post-12341","post","type-post","status-publish","format-standard","has-post-thumbnail","hentry","category-amenagement-garage","tag-amenagement-garage"],"yoast_head":"<!-- This site is optimized with the Yoast SEO Premium plugin v27.5 (Yoast SEO v27.5) - https:\/\/yoast.com\/product\/yoast-seo-premium-wordpress\/ -->\n<title>Am\u00e9nager un espace buanderie dans son garage. Blog de Garage Mania<\/title>\n<meta name=\"description\" content=\"Vous souhaitez am\u00e9nager une buanderie dans votre garage ? Accueillante et fonctionnelle ? D\u00e9couvrez les conseils des architectes d\u2019int\u00e9rieur de Garage Mania.\" \/>\n<meta name=\"robots\" content=\"index, follow, max-snippet:-1, max-image-preview:large, max-video-preview:-1\" \/>\n<link rel=\"canonical\" href=\"https:\/\/www.garagemania.ch\/fr\/amenager-un-espace-buanderie-dans-son-garage\/\" \/>\n<meta property=\"og:locale\" content=\"fr_FR\" \/>\n<meta property=\"og:type\" content=\"article\" \/>\n<meta property=\"og:title\" content=\"Am\u00e9nager un espace buanderie dans son garage | Blog Garage Mania\" \/>\n<meta property=\"og:description\" content=\"Vous souhaitez am\u00e9nager une buanderie dans votre garage ? Accueillante et fonctionnelle ? D\u00e9couvrez les conseils des architectes d\u2019int\u00e9rieur de Garage Mania.\" \/>\n<meta property=\"og:url\" content=\"https:\/\/www.garagemania.ch\/fr\/amenager-un-espace-buanderie-dans-son-garage\/\" \/>\n<meta property=\"og:site_name\" content=\"Garage Mania\" \/>\n<meta property=\"article:publisher\" content=\"https:\/\/www.facebook.com\/garagemania.it\/\" \/>\n<meta property=\"article:published_time\" content=\"2023-02-04T14:02:09+00:00\" \/>\n<meta property=\"article:modified_time\" content=\"2023-02-16T16:37:11+00:00\" \/>\n<meta property=\"og:image\" content=\"https:\/\/www.garagemania.ch\/wp-content\/uploads\/2021\/08\/Crea-la-tua-lavanderia-personalizzata-con-i-prodotti-Garage-Mania.jpg\" \/>\n\t<meta property=\"og:image:width\" content=\"1000\" \/>\n\t<meta property=\"og:image:height\" content=\"500\" \/>\n\t<meta property=\"og:image:type\" content=\"image\/jpeg\" \/>\n<meta name=\"author\" content=\"Ufficio Stampa\" \/>\n<meta name=\"twitter:card\" content=\"summary_large_image\" \/>\n<meta name=\"twitter:title\" content=\"Am\u00e9nager un espace buanderie dans son garage | Blog Garage Mania\" \/>\n<meta name=\"twitter:description\" content=\"Vous souhaitez am\u00e9nager une buanderie dans votre garage ? Accueillante et fonctionnelle ? D\u00e9couvrez les conseils des architectes d\u2019int\u00e9rieur de Garage Mania.\" \/>\n<meta name=\"twitter:label1\" content=\"\u00c9crit par\" \/>\n\t<meta name=\"twitter:data1\" content=\"Ufficio Stampa\" \/>\n\t<meta name=\"twitter:label2\" content=\"Dur\u00e9e de lecture estim\u00e9e\" \/>\n\t<meta name=\"twitter:data2\" content=\"2 minutes\" \/>\n<script type=\"application\/ld+json\" class=\"yoast-schema-graph\">{\"@context\":\"https:\\\/\\\/schema.org\",\"@graph\":[{\"@type\":\"Article\",\"@id\":\"https:\\\/\\\/www.garagemania.ch\\\/fr\\\/amenager-un-espace-buanderie-dans-son-garage\\\/#article\",\"isPartOf\":{\"@id\":\"https:\\\/\\\/www.garagemania.ch\\\/fr\\\/amenager-un-espace-buanderie-dans-son-garage\\\/\"},\"author\":{\"name\":\"Ufficio Stampa\",\"@id\":\"https:\\\/\\\/www.garagemania.ch\\\/fr\\\/#\\\/schema\\\/person\\\/171adf94311a3bde603a14704a982329\"},\"headline\":\"Am\u00e9nager un espace buanderie dans son garage\",\"datePublished\":\"2023-02-04T14:02:09+00:00\",\"dateModified\":\"2023-02-16T16:37:11+00:00\",\"mainEntityOfPage\":{\"@id\":\"https:\\\/\\\/www.garagemania.ch\\\/fr\\\/amenager-un-espace-buanderie-dans-son-garage\\\/\"},\"wordCount\":445,\"commentCount\":0,\"publisher\":{\"@id\":\"https:\\\/\\\/www.garagemania.ch\\\/fr\\\/#organization\"},\"image\":{\"@id\":\"https:\\\/\\\/www.garagemania.ch\\\/fr\\\/amenager-un-espace-buanderie-dans-son-garage\\\/#primaryimage\"},\"thumbnailUrl\":\"https:\\\/\\\/www.garagemania.ch\\\/wp-content\\\/uploads\\\/2021\\\/08\\\/Crea-la-tua-lavanderia-personalizzata-con-i-prodotti-Garage-Mania.jpg\",\"keywords\":[\"Am\u00e9nagement garage\"],\"articleSection\":[\"Am\u00e9nagement garage\"],\"inLanguage\":\"fr-FR\",\"potentialAction\":[{\"@type\":\"CommentAction\",\"name\":\"Comment\",\"target\":[\"https:\\\/\\\/www.garagemania.ch\\\/fr\\\/amenager-un-espace-buanderie-dans-son-garage\\\/#respond\"]}]},{\"@type\":\"WebPage\",\"@id\":\"https:\\\/\\\/www.garagemania.ch\\\/fr\\\/amenager-un-espace-buanderie-dans-son-garage\\\/\",\"url\":\"https:\\\/\\\/www.garagemania.ch\\\/fr\\\/amenager-un-espace-buanderie-dans-son-garage\\\/\",\"name\":\"Am\u00e9nager un espace buanderie dans son garage. Blog de Garage Mania\",\"isPartOf\":{\"@id\":\"https:\\\/\\\/www.garagemania.ch\\\/fr\\\/#website\"},\"primaryImageOfPage\":{\"@id\":\"https:\\\/\\\/www.garagemania.ch\\\/fr\\\/amenager-un-espace-buanderie-dans-son-garage\\\/#primaryimage\"},\"image\":{\"@id\":\"https:\\\/\\\/www.garagemania.ch\\\/fr\\\/amenager-un-espace-buanderie-dans-son-garage\\\/#primaryimage\"},\"thumbnailUrl\":\"https:\\\/\\\/www.garagemania.ch\\\/wp-content\\\/uploads\\\/2021\\\/08\\\/Crea-la-tua-lavanderia-personalizzata-con-i-prodotti-Garage-Mania.jpg\",\"datePublished\":\"2023-02-04T14:02:09+00:00\",\"dateModified\":\"2023-02-16T16:37:11+00:00\",\"description\":\"Vous souhaitez am\u00e9nager une buanderie dans votre garage ? Accueillante et fonctionnelle ? D\u00e9couvrez les conseils des architectes d\u2019int\u00e9rieur de Garage Mania.\",\"breadcrumb\":{\"@id\":\"https:\\\/\\\/www.garagemania.ch\\\/fr\\\/amenager-un-espace-buanderie-dans-son-garage\\\/#breadcrumb\"},\"inLanguage\":\"fr-FR\",\"potentialAction\":[{\"@type\":\"ReadAction\",\"target\":[\"https:\\\/\\\/www.garagemania.ch\\\/fr\\\/amenager-un-espace-buanderie-dans-son-garage\\\/\"]}]},{\"@type\":\"ImageObject\",\"inLanguage\":\"fr-FR\",\"@id\":\"https:\\\/\\\/www.garagemania.ch\\\/fr\\\/amenager-un-espace-buanderie-dans-son-garage\\\/#primaryimage\",\"url\":\"https:\\\/\\\/www.garagemania.ch\\\/wp-content\\\/uploads\\\/2021\\\/08\\\/Crea-la-tua-lavanderia-personalizzata-con-i-prodotti-Garage-Mania.jpg\",\"contentUrl\":\"https:\\\/\\\/www.garagemania.ch\\\/wp-content\\\/uploads\\\/2021\\\/08\\\/Crea-la-tua-lavanderia-personalizzata-con-i-prodotti-Garage-Mania.jpg\",\"width\":1000,\"height\":500,\"caption\":\"Crea la tua lavanderia personalizzata con i prodotti Garage Mania\"},{\"@type\":\"BreadcrumbList\",\"@id\":\"https:\\\/\\\/www.garagemania.ch\\\/fr\\\/amenager-un-espace-buanderie-dans-son-garage\\\/#breadcrumb\",\"itemListElement\":[{\"@type\":\"ListItem\",\"position\":1,\"name\":\"Home\",\"item\":\"https:\\\/\\\/www.garagemania.ch\\\/fr\\\/homepage\\\/\"},{\"@type\":\"ListItem\",\"position\":2,\"name\":\"Am\u00e9nager un espace buanderie dans son garage\"}]},{\"@type\":\"WebSite\",\"@id\":\"https:\\\/\\\/www.garagemania.ch\\\/fr\\\/#website\",\"url\":\"https:\\\/\\\/www.garagemania.ch\\\/fr\\\/\",\"name\":\"Garage Mania\",\"description\":\"Il luogo ideale per tutti coloro che vogliono un garage super esclusivo\",\"publisher\":{\"@id\":\"https:\\\/\\\/www.garagemania.ch\\\/fr\\\/#organization\"},\"potentialAction\":[{\"@type\":\"SearchAction\",\"target\":{\"@type\":\"EntryPoint\",\"urlTemplate\":\"https:\\\/\\\/www.garagemania.ch\\\/fr\\\/?s={search_term_string}\"},\"query-input\":{\"@type\":\"PropertyValueSpecification\",\"valueRequired\":true,\"valueName\":\"search_term_string\"}}],\"inLanguage\":\"fr-FR\"},{\"@type\":\"Organization\",\"@id\":\"https:\\\/\\\/www.garagemania.ch\\\/fr\\\/#organization\",\"name\":\"GLADIATOR WORX SAGL\",\"url\":\"https:\\\/\\\/www.garagemania.ch\\\/fr\\\/\",\"logo\":{\"@type\":\"ImageObject\",\"inLanguage\":\"fr-FR\",\"@id\":\"https:\\\/\\\/www.garagemania.ch\\\/fr\\\/#\\\/schema\\\/logo\\\/image\\\/\",\"url\":\"https:\\\/\\\/www.garagemania.ch\\\/wp-content\\\/uploads\\\/2021\\\/03\\\/Logo-Garage-Mania.png\",\"contentUrl\":\"https:\\\/\\\/www.garagemania.ch\\\/wp-content\\\/uploads\\\/2021\\\/03\\\/Logo-Garage-Mania.png\",\"width\":300,\"height\":282,\"caption\":\"GLADIATOR WORX SAGL\"},\"image\":{\"@id\":\"https:\\\/\\\/www.garagemania.ch\\\/fr\\\/#\\\/schema\\\/logo\\\/image\\\/\"},\"sameAs\":[\"https:\\\/\\\/www.facebook.com\\\/garagemania.it\\\/\",\"https:\\\/\\\/www.instagram.com\\\/garagemania.it\\\/\"]},{\"@type\":\"Person\",\"@id\":\"https:\\\/\\\/www.garagemania.ch\\\/fr\\\/#\\\/schema\\\/person\\\/171adf94311a3bde603a14704a982329\",\"name\":\"Ufficio Stampa\",\"image\":{\"@type\":\"ImageObject\",\"inLanguage\":\"fr-FR\",\"@id\":\"https:\\\/\\\/secure.gravatar.com\\\/avatar\\\/c76bd8c666ec8fe7bb1550bb53e2af4b7780dcaed89f7a6526236c2ed1f63b95?s=96&d=mm&r=g\",\"url\":\"https:\\\/\\\/secure.gravatar.com\\\/avatar\\\/c76bd8c666ec8fe7bb1550bb53e2af4b7780dcaed89f7a6526236c2ed1f63b95?s=96&d=mm&r=g\",\"contentUrl\":\"https:\\\/\\\/secure.gravatar.com\\\/avatar\\\/c76bd8c666ec8fe7bb1550bb53e2af4b7780dcaed89f7a6526236c2ed1f63b95?s=96&d=mm&r=g\",\"caption\":\"Ufficio Stampa\"},\"url\":\"https:\\\/\\\/www.garagemania.ch\\\/fr\\\/author\\\/ideesol\\\/\"}]}<\/script>\n<!-- \/ Yoast SEO Premium plugin. -->","yoast_head_json":{"title":"Am\u00e9nager un espace buanderie dans son garage. Blog de Garage Mania","description":"Vous souhaitez am\u00e9nager une buanderie dans votre garage ? Accueillante et fonctionnelle ? D\u00e9couvrez les conseils des architectes d\u2019int\u00e9rieur de Garage Mania.","robots":{"index":"index","follow":"follow","max-snippet":"max-snippet:-1","max-image-preview":"max-image-preview:large","max-video-preview":"max-video-preview:-1"},"canonical":"https:\/\/www.garagemania.ch\/fr\/amenager-un-espace-buanderie-dans-son-garage\/","og_locale":"fr_FR","og_type":"article","og_title":"Am\u00e9nager un espace buanderie dans son garage | Blog Garage Mania","og_description":"Vous souhaitez am\u00e9nager une buanderie dans votre garage ? Accueillante et fonctionnelle ? D\u00e9couvrez les conseils des architectes d\u2019int\u00e9rieur de Garage Mania.","og_url":"https:\/\/www.garagemania.ch\/fr\/amenager-un-espace-buanderie-dans-son-garage\/","og_site_name":"Garage Mania","article_publisher":"https:\/\/www.facebook.com\/garagemania.it\/","article_published_time":"2023-02-04T14:02:09+00:00","article_modified_time":"2023-02-16T16:37:11+00:00","og_image":[{"width":1000,"height":500,"url":"https:\/\/www.garagemania.ch\/wp-content\/uploads\/2021\/08\/Crea-la-tua-lavanderia-personalizzata-con-i-prodotti-Garage-Mania.jpg","type":"image\/jpeg"}],"author":"Ufficio Stampa","twitter_card":"summary_large_image","twitter_title":"Am\u00e9nager un espace buanderie dans son garage | Blog Garage Mania","twitter_description":"Vous souhaitez am\u00e9nager une buanderie dans votre garage ? Accueillante et fonctionnelle ? D\u00e9couvrez les conseils des architectes d\u2019int\u00e9rieur de Garage Mania.","twitter_misc":{"\u00c9crit par":"Ufficio Stampa","Dur\u00e9e de lecture estim\u00e9e":"2 minutes"},"schema":{"@context":"https:\/\/schema.org","@graph":[{"@type":"Article","@id":"https:\/\/www.garagemania.ch\/fr\/amenager-un-espace-buanderie-dans-son-garage\/#article","isPartOf":{"@id":"https:\/\/www.garagemania.ch\/fr\/amenager-un-espace-buanderie-dans-son-garage\/"},"author":{"name":"Ufficio Stampa","@id":"https:\/\/www.garagemania.ch\/fr\/#\/schema\/person\/171adf94311a3bde603a14704a982329"},"headline":"Am\u00e9nager un espace buanderie dans son garage","datePublished":"2023-02-04T14:02:09+00:00","dateModified":"2023-02-16T16:37:11+00:00","mainEntityOfPage":{"@id":"https:\/\/www.garagemania.ch\/fr\/amenager-un-espace-buanderie-dans-son-garage\/"},"wordCount":445,"commentCount":0,"publisher":{"@id":"https:\/\/www.garagemania.ch\/fr\/#organization"},"image":{"@id":"https:\/\/www.garagemania.ch\/fr\/amenager-un-espace-buanderie-dans-son-garage\/#primaryimage"},"thumbnailUrl":"https:\/\/www.garagemania.ch\/wp-content\/uploads\/2021\/08\/Crea-la-tua-lavanderia-personalizzata-con-i-prodotti-Garage-Mania.jpg","keywords":["Am\u00e9nagement garage"],"articleSection":["Am\u00e9nagement garage"],"inLanguage":"fr-FR","potentialAction":[{"@type":"CommentAction","name":"Comment","target":["https:\/\/www.garagemania.ch\/fr\/amenager-un-espace-buanderie-dans-son-garage\/#respond"]}]},{"@type":"WebPage","@id":"https:\/\/www.garagemania.ch\/fr\/amenager-un-espace-buanderie-dans-son-garage\/","url":"https:\/\/www.garagemania.ch\/fr\/amenager-un-espace-buanderie-dans-son-garage\/","name":"Am\u00e9nager un espace buanderie dans son garage. Blog de Garage Mania","isPartOf":{"@id":"https:\/\/www.garagemania.ch\/fr\/#website"},"primaryImageOfPage":{"@id":"https:\/\/www.garagemania.ch\/fr\/amenager-un-espace-buanderie-dans-son-garage\/#primaryimage"},"image":{"@id":"https:\/\/www.garagemania.ch\/fr\/amenager-un-espace-buanderie-dans-son-garage\/#primaryimage"},"thumbnailUrl":"https:\/\/www.garagemania.ch\/wp-content\/uploads\/2021\/08\/Crea-la-tua-lavanderia-personalizzata-con-i-prodotti-Garage-Mania.jpg","datePublished":"2023-02-04T14:02:09+00:00","dateModified":"2023-02-16T16:37:11+00:00","description":"Vous souhaitez am\u00e9nager une buanderie dans votre garage ? Accueillante et fonctionnelle ? D\u00e9couvrez les conseils des architectes d\u2019int\u00e9rieur de Garage Mania.","breadcrumb":{"@id":"https:\/\/www.garagemania.ch\/fr\/amenager-un-espace-buanderie-dans-son-garage\/#breadcrumb"},"inLanguage":"fr-FR","potentialAction":[{"@type":"ReadAction","target":["https:\/\/www.garagemania.ch\/fr\/amenager-un-espace-buanderie-dans-son-garage\/"]}]},{"@type":"ImageObject","inLanguage":"fr-FR","@id":"https:\/\/www.garagemania.ch\/fr\/amenager-un-espace-buanderie-dans-son-garage\/#primaryimage","url":"https:\/\/www.garagemania.ch\/wp-content\/uploads\/2021\/08\/Crea-la-tua-lavanderia-personalizzata-con-i-prodotti-Garage-Mania.jpg","contentUrl":"https:\/\/www.garagemania.ch\/wp-content\/uploads\/2021\/08\/Crea-la-tua-lavanderia-personalizzata-con-i-prodotti-Garage-Mania.jpg","width":1000,"height":500,"caption":"Crea la tua lavanderia personalizzata con i prodotti Garage Mania"},{"@type":"BreadcrumbList","@id":"https:\/\/www.garagemania.ch\/fr\/amenager-un-espace-buanderie-dans-son-garage\/#breadcrumb","itemListElement":[{"@type":"ListItem","position":1,"name":"Home","item":"https:\/\/www.garagemania.ch\/fr\/homepage\/"},{"@type":"ListItem","position":2,"name":"Am\u00e9nager un espace buanderie dans son garage"}]},{"@type":"WebSite","@id":"https:\/\/www.garagemania.ch\/fr\/#website","url":"https:\/\/www.garagemania.ch\/fr\/","name":"Garage Mania","description":"Il luogo ideale per tutti coloro che vogliono un garage super esclusivo","publisher":{"@id":"https:\/\/www.garagemania.ch\/fr\/#organization"},"potentialAction":[{"@type":"SearchAction","target":{"@type":"EntryPoint","urlTemplate":"https:\/\/www.garagemania.ch\/fr\/?s={search_term_string}"},"query-input":{"@type":"PropertyValueSpecification","valueRequired":true,"valueName":"search_term_string"}}],"inLanguage":"fr-FR"},{"@type":"Organization","@id":"https:\/\/www.garagemania.ch\/fr\/#organization","name":"GLADIATOR WORX SAGL","url":"https:\/\/www.garagemania.ch\/fr\/","logo":{"@type":"ImageObject","inLanguage":"fr-FR","@id":"https:\/\/www.garagemania.ch\/fr\/#\/schema\/logo\/image\/","url":"https:\/\/www.garagemania.ch\/wp-content\/uploads\/2021\/03\/Logo-Garage-Mania.png","contentUrl":"https:\/\/www.garagemania.ch\/wp-content\/uploads\/2021\/03\/Logo-Garage-Mania.png","width":300,"height":282,"caption":"GLADIATOR WORX SAGL"},"image":{"@id":"https:\/\/www.garagemania.ch\/fr\/#\/schema\/logo\/image\/"},"sameAs":["https:\/\/www.facebook.com\/garagemania.it\/","https:\/\/www.instagram.com\/garagemania.it\/"]},{"@type":"Person","@id":"https:\/\/www.garagemania.ch\/fr\/#\/schema\/person\/171adf94311a3bde603a14704a982329","name":"Ufficio Stampa","image":{"@type":"ImageObject","inLanguage":"fr-FR","@id":"https:\/\/secure.gravatar.com\/avatar\/c76bd8c666ec8fe7bb1550bb53e2af4b7780dcaed89f7a6526236c2ed1f63b95?s=96&d=mm&r=g","url":"https:\/\/secure.gravatar.com\/avatar\/c76bd8c666ec8fe7bb1550bb53e2af4b7780dcaed89f7a6526236c2ed1f63b95?s=96&d=mm&r=g","contentUrl":"https:\/\/secure.gravatar.com\/avatar\/c76bd8c666ec8fe7bb1550bb53e2af4b7780dcaed89f7a6526236c2ed1f63b95?s=96&d=mm&r=g","caption":"Ufficio Stampa"},"url":"https:\/\/www.garagemania.ch\/fr\/author\/ideesol\/"}]}},"_links":{"self":[{"href":"https:\/\/www.garagemania.ch\/fr\/wp-json\/wp\/v2\/posts\/12341","targetHints":{"allow":["GET"]}}],"collection":[{"href":"https:\/\/www.garagemania.ch\/fr\/wp-json\/wp\/v2\/posts"}],"about":[{"href":"https:\/\/www.garagemania.ch\/fr\/wp-json\/wp\/v2\/types\/post"}],"author":[{"embeddable":true,"href":"https:\/\/www.garagemania.ch\/fr\/wp-json\/wp\/v2\/users\/2"}],"replies":[{"embeddable":true,"href":"https:\/\/www.garagemania.ch\/fr\/wp-json\/wp\/v2\/comments?post=12341"}],"version-history":[{"count":3,"href":"https:\/\/www.garagemania.ch\/fr\/wp-json\/wp\/v2\/posts\/12341\/revisions"}],"predecessor-version":[{"id":12674,"href":"https:\/\/www.garagemania.ch\/fr\/wp-json\/wp\/v2\/posts\/12341\/revisions\/12674"}],"wp:featuredmedia":[{"embeddable":true,"href":"https:\/\/www.garagemania.ch\/fr\/wp-json\/wp\/v2\/media\/6050"}],"wp:attachment":[{"href":"https:\/\/www.garagemania.ch\/fr\/wp-json\/wp\/v2\/media?parent=12341"}],"wp:term":[{"taxonomy":"category","embeddable":true,"href":"https:\/\/www.garagemania.ch\/fr\/wp-json\/wp\/v2\/categories?post=12341"},{"taxonomy":"post_tag","embeddable":true,"href":"https:\/\/www.garagemania.ch\/fr\/wp-json\/wp\/v2\/tags?post=12341"}],"curies":[{"name":"wp","href":"https:\/\/api.w.org\/{rel}","templated":true}]}}