{"id":16734,"date":"2025-02-19T10:16:23","date_gmt":"2025-02-19T09:16:23","guid":{"rendered":"https:\/\/www.garagemania.ch\/realisation-dun-garage-meuble-par-garage-mania-a-klosters-suisse\/"},"modified":"2025-09-02T09:44:32","modified_gmt":"2025-09-02T07:44:32","slug":"realisation-dun-garage-meuble-par-garage-mania-a-klosters-suisse","status":"publish","type":"post","link":"https:\/\/www.garagemania.ch\/fr\/realisation-dun-garage-meuble-par-garage-mania-a-klosters-suisse\/","title":{"rendered":"R\u00e9alisation d&rsquo;un garage meubl\u00e9 par Garage Mania \u00e0 Klosters, Suisse"},"content":{"rendered":"\t\t<div data-elementor-type=\"wp-post\" data-elementor-id=\"16734\" class=\"elementor elementor-16734 elementor-16691\" data-elementor-post-type=\"post\">\n\t\t\t\t<div class=\"elementor-element elementor-element-7379139 e-flex e-con-boxed e-con e-parent\" data-id=\"7379139\" data-element_type=\"container\" data-e-type=\"container\">\n\t\t\t\t\t<div class=\"e-con-inner\">\n\t\t\t\t<div class=\"elementor-element elementor-element-3a3a21a elementor-widget elementor-widget-text-editor\" data-id=\"3a3a21a\" data-element_type=\"widget\" data-e-type=\"widget\" data-widget_type=\"text-editor.default\">\n\t\t\t\t<div class=\"elementor-widget-container\">\n\t\t\t\t\t\t\t\t\t<p>Au c\u0153ur des Alpes suisses, \u00e0 Klosters, Garage Mania a r\u00e9alis\u00e9 un projet exclusif de transformation de un garage d&rsquo;un chalet. Cet article vous guidera dans la planification et l&rsquo;am\u00e9nagement du garage, qui est devenu un environnement exclusif et accueillant gr\u00e2ce \u00e0 l&rsquo;utilisation strat\u00e9gique de panneaux muraux et d&rsquo;accessoires pour les activit\u00e9s outdoor telles que les v\u00e9los et les skis.<\/p>\n\t\t\t\t\t\t\t\t<\/div>\n\t\t\t\t<\/div>\n\t\t\t\t<div class=\"elementor-element elementor-element-8816351 elementor-widget elementor-widget-heading\" data-id=\"8816351\" data-element_type=\"widget\" data-e-type=\"widget\" data-widget_type=\"heading.default\">\n\t\t\t\t<div class=\"elementor-widget-container\">\n\t\t\t\t\t<h2 class=\"elementor-heading-title elementor-size-default\">Planification du projet<\/h2>\t\t\t\t<\/div>\n\t\t\t\t<\/div>\n\t\t\t\t<div class=\"elementor-element elementor-element-c156bb2 elementor-widget elementor-widget-text-editor\" data-id=\"c156bb2\" data-element_type=\"widget\" data-e-type=\"widget\" data-widget_type=\"text-editor.default\">\n\t\t\t\t<div class=\"elementor-widget-container\">\n\t\t\t\t\t\t\t\t\t<p>L&rsquo;\u00e9quipe de Garage Mania a travaill\u00e9 en collaboration avec le client pour comprendre ses besoins sp\u00e9cifiques. Avant le d\u00e9but des travaux, des render en 3D ont \u00e9t\u00e9 envoy\u00e9s pour visualiser la conception finale. Cette phase \u00e9tait cruciale pour s&rsquo;assurer que chaque d\u00e9tail correspondait aux attentes du client.<\/p>\n\t\t\t\t\t\t\t\t<\/div>\n\t\t\t\t<\/div>\n\t\t\t\t<div class=\"elementor-element elementor-element-7efe29c gallery-spacing-custom elementor-widget elementor-widget-image-gallery\" data-id=\"7efe29c\" data-element_type=\"widget\" data-e-type=\"widget\" data-widget_type=\"image-gallery.default\">\n\t\t\t\t<div class=\"elementor-widget-container\">\n\t\t\t\t\t\t\t<div class=\"elementor-image-gallery\">\n\t\t\t\n<img fetchpriority=\"high\" decoding=\"async\" width=\"800\" height=\"533\" src=\"https:\/\/www.garagemania.ch\/wp-content\/uploads\/2025\/02\/garage-svizzera-rendering-garage-mania.jpg\" class=\"attachment-full size-full\" alt=\"\" ids=\"16704,16695,16698,16701\" size=\"full\" columns=\"2\" link=\"none\" orderby=\"post__in\" include=\"16704,16695,16698,16701\" srcset=\"https:\/\/www.garagemania.ch\/wp-content\/uploads\/2025\/02\/garage-svizzera-rendering-garage-mania.jpg 800w, https:\/\/www.garagemania.ch\/wp-content\/uploads\/2025\/02\/garage-svizzera-rendering-garage-mania-400x267.jpg 400w, https:\/\/www.garagemania.ch\/wp-content\/uploads\/2025\/02\/garage-svizzera-rendering-garage-mania-768x512.jpg 768w, https:\/\/www.garagemania.ch\/wp-content\/uploads\/2025\/02\/garage-svizzera-rendering-garage-mania-600x400.jpg 600w\" sizes=\"(max-width: 800px) 100vw, 800px\" \/>\n<img decoding=\"async\" width=\"800\" height=\"533\" src=\"https:\/\/www.garagemania.ch\/wp-content\/uploads\/2025\/02\/rendering-svizzera-garage.jpg\" class=\"attachment-full size-full\" alt=\"\" ids=\"16704,16695,16698,16701\" size=\"full\" columns=\"2\" link=\"none\" orderby=\"post__in\" include=\"16704,16695,16698,16701\" srcset=\"https:\/\/www.garagemania.ch\/wp-content\/uploads\/2025\/02\/rendering-svizzera-garage.jpg 800w, https:\/\/www.garagemania.ch\/wp-content\/uploads\/2025\/02\/rendering-svizzera-garage-400x267.jpg 400w, https:\/\/www.garagemania.ch\/wp-content\/uploads\/2025\/02\/rendering-svizzera-garage-768x512.jpg 768w, https:\/\/www.garagemania.ch\/wp-content\/uploads\/2025\/02\/rendering-svizzera-garage-600x400.jpg 600w\" sizes=\"(max-width: 800px) 100vw, 800px\" \/>\n<img decoding=\"async\" width=\"800\" height=\"533\" src=\"https:\/\/www.garagemania.ch\/wp-content\/uploads\/2025\/02\/rendering-garage-svizzera-garage-mania.jpg\" class=\"attachment-full size-full\" alt=\"\" ids=\"16704,16695,16698,16701\" size=\"full\" columns=\"2\" link=\"none\" orderby=\"post__in\" include=\"16704,16695,16698,16701\" srcset=\"https:\/\/www.garagemania.ch\/wp-content\/uploads\/2025\/02\/rendering-garage-svizzera-garage-mania.jpg 800w, https:\/\/www.garagemania.ch\/wp-content\/uploads\/2025\/02\/rendering-garage-svizzera-garage-mania-400x267.jpg 400w, https:\/\/www.garagemania.ch\/wp-content\/uploads\/2025\/02\/rendering-garage-svizzera-garage-mania-768x512.jpg 768w, https:\/\/www.garagemania.ch\/wp-content\/uploads\/2025\/02\/rendering-garage-svizzera-garage-mania-600x400.jpg 600w\" sizes=\"(max-width: 800px) 100vw, 800px\" \/>\n<img loading=\"lazy\" decoding=\"async\" width=\"800\" height=\"533\" src=\"https:\/\/www.garagemania.ch\/wp-content\/uploads\/2025\/02\/rendering-garage-in-svizzera-garage-mania.jpg\" class=\"attachment-full size-full\" alt=\"\" ids=\"16704,16695,16698,16701\" size=\"full\" columns=\"2\" link=\"none\" orderby=\"post__in\" include=\"16704,16695,16698,16701\" srcset=\"https:\/\/www.garagemania.ch\/wp-content\/uploads\/2025\/02\/rendering-garage-in-svizzera-garage-mania.jpg 800w, https:\/\/www.garagemania.ch\/wp-content\/uploads\/2025\/02\/rendering-garage-in-svizzera-garage-mania-400x267.jpg 400w, https:\/\/www.garagemania.ch\/wp-content\/uploads\/2025\/02\/rendering-garage-in-svizzera-garage-mania-768x512.jpg 768w, https:\/\/www.garagemania.ch\/wp-content\/uploads\/2025\/02\/rendering-garage-in-svizzera-garage-mania-600x400.jpg 600w\" sizes=\"(max-width: 800px) 100vw, 800px\" \/>\n\t\t<\/div>\n\t\t\t\t\t\t<\/div>\n\t\t\t\t<\/div>\n\t\t\t\t<div class=\"elementor-element elementor-element-705192c elementor-widget elementor-widget-heading\" data-id=\"705192c\" data-element_type=\"widget\" data-e-type=\"widget\" data-widget_type=\"heading.default\">\n\t\t\t\t<div class=\"elementor-widget-container\">\n\t\t\t\t\t<h2 class=\"elementor-heading-title elementor-size-default\">Choix des mat\u00e9riaux et des accessoires<\/h2>\t\t\t\t<\/div>\n\t\t\t\t<\/div>\n\t\t\t\t<div class=\"elementor-element elementor-element-e3b8dc1 elementor-widget elementor-widget-text-editor\" data-id=\"e3b8dc1\" data-element_type=\"widget\" data-e-type=\"widget\" data-widget_type=\"text-editor.default\">\n\t\t\t\t<div class=\"elementor-widget-container\">\n\t\t\t\t\t\t\t\t\t<p>Pour cr\u00e9er un espace efficace et esth\u00e9tique, Garage Mania a s\u00e9lectionn\u00e9 des<br \/>mat\u00e9riaux de haute qualit\u00e9 :<\/p>\n<ul>\n<li><a href=\"\/fr\/cat\u00e9gorie-de-produit\/systemes-muraux\/\" target=\"_blank\" rel=\"noopener\"><strong>Syst\u00e8mes muraux<\/strong><\/a> : id\u00e9aux pour recouvrir les surfaces murales rugueuses ou in\u00e9gales du garage.<\/li>\n<li><strong>Divers accessoires<\/strong> : Des crochets robustes et des organisateurs sp\u00e9cialis\u00e9s ont \u00e9t\u00e9 install\u00e9s dans les murs pour accueillir les v\u00e9los, les skis et les \u00e9quipements sportifs.<\/li>\n<\/ul>\n<p>Les produits utilis\u00e9s comprennent aussi des armoires Gladiator\u00ae Select Series, les chariots \u00e0 outils Gladiator\u00ae, id\u00e9aux sur le plan fonctionnel qu&rsquo;esth\u00e9tique, l\u2019etabli Gladiator\u00ae divers accessoires et un <a href=\"\/fr\/produit\/tabouret-gladiator-76cm-gaac30stjb\/\" target=\"_blank\" rel=\"noopener\">tabouret<\/a>.<\/p>\n\t\t\t\t\t\t\t\t<\/div>\n\t\t\t\t<\/div>\n\t\t\t\t<div class=\"elementor-element elementor-element-fe0afbf elementor-widget elementor-widget-heading\" data-id=\"fe0afbf\" data-element_type=\"widget\" data-e-type=\"widget\" data-widget_type=\"heading.default\">\n\t\t\t\t<div class=\"elementor-widget-container\">\n\t\t\t\t\t<h3 class=\"elementor-heading-title elementor-size-default\">Armoires Gladiator<\/h3>\t\t\t\t<\/div>\n\t\t\t\t<\/div>\n\t\t\t\t<div class=\"elementor-element elementor-element-e2889d8 elementor-widget elementor-widget-text-editor\" data-id=\"e2889d8\" data-element_type=\"widget\" data-e-type=\"widget\" data-widget_type=\"text-editor.default\">\n\t\t\t\t<div class=\"elementor-widget-container\">\n\t\t\t\t\t\t\t\t\t<p>Les <a href=\"\/fr\/produit\/armoire-mobile-76x46x168-gatb302dzw-garage-mania\/\" target=\"_blank\" rel=\"noopener\">armoires gris clair de la s\u00e9rie Select Gladiator\u00ae<\/a> offrent une solution \u00e9l\u00e9gante et efficace pour l&rsquo;espace de garage. Elles sont parfaites comme rangement s\u00e9curis\u00e9 et comme \u00e9l\u00e9ment d\u00e9coratif moderne.<\/p>\n\t\t\t\t\t\t\t\t<\/div>\n\t\t\t\t<\/div>\n\t\t\t\t<div class=\"elementor-element elementor-element-1987fbf elementor-widget elementor-widget-heading\" data-id=\"1987fbf\" data-element_type=\"widget\" data-e-type=\"widget\" data-widget_type=\"heading.default\">\n\t\t\t\t<div class=\"elementor-widget-container\">\n\t\t\t\t\t<h3 class=\"elementor-heading-title elementor-size-default\">Chariots porte-outils Gladiator\u00ae<\/h3>\t\t\t\t<\/div>\n\t\t\t\t<\/div>\n\t\t\t\t<div class=\"elementor-element elementor-element-66813cc elementor-widget elementor-widget-text-editor\" data-id=\"66813cc\" data-element_type=\"widget\" data-e-type=\"widget\" data-widget_type=\"text-editor.default\">\n\t\t\t\t<div class=\"elementor-widget-container\">\n\t\t\t\t\t\t\t\t\t<p>Le<a href=\"\/fr\/produit\/coffre-a-outils-sur-roulettes-gearbox-gagb272dzw\/\"> casier \u00e0 outils<\/a> et la <a href=\"\/fr\/produit\/coffre-a-outils-sur-roulettes-gearbox-gagd275dzw\/\">commode \u00e0 roulettes<\/a> \u00e9quip\u00e9e de cinq tiroirs pratiques ont \u00e9t\u00e9 utilis\u00e9s. Les chariots \u00e0 outils permettent d&rsquo;organiser facilement les outils les plus utilis\u00e9s au quotidien. Leur design compact les rend \u00e9galement id\u00e9aux dans les espaces r\u00e9duits.<\/p>\n\t\t\t\t\t\t\t\t<\/div>\n\t\t\t\t<\/div>\n\t\t\t\t<div class=\"elementor-element elementor-element-c2334a0 elementor-widget elementor-widget-heading\" data-id=\"c2334a0\" data-element_type=\"widget\" data-e-type=\"widget\" data-widget_type=\"heading.default\">\n\t\t\t\t<div class=\"elementor-widget-container\">\n\t\t\t\t\t<h3 class=\"elementor-heading-title elementor-size-default\">Table de travail Gladiator\u00ae<\/h3>\t\t\t\t<\/div>\n\t\t\t\t<\/div>\n\t\t\t\t<div class=\"elementor-element elementor-element-556dba9 elementor-widget elementor-widget-text-editor\" data-id=\"556dba9\" data-element_type=\"widget\" data-e-type=\"widget\" data-widget_type=\"text-editor.default\">\n\t\t\t\t<div class=\"elementor-widget-container\">\n\t\t\t\t\t\t\t\t\t<p>Une<a href=\"\/fr\/produit\/etabli-en-bois-select-series-gawb08bazw\/\" target=\"_blank\" rel=\"noopener\"> table de travail<\/a> robuste en m\u00e9tal et plancher de bois dur a \u00e9t\u00e9 int\u00e9gr\u00e9e dans l&rsquo;am\u00e9nagement du garage, permettant au propri\u00e9taire non seulement de ranger ses outils, mais aussi de disposer d&rsquo;un espace d\u00e9di\u00e9 \u00e0 la petite maintenance ou aux travaux cr\u00e9atifs.<\/p>\n\t\t\t\t\t\t\t\t<\/div>\n\t\t\t\t<\/div>\n\t\t\t\t<div class=\"elementor-element elementor-element-a83353e elementor-widget elementor-widget-heading\" data-id=\"a83353e\" data-element_type=\"widget\" data-e-type=\"widget\" data-widget_type=\"heading.default\">\n\t\t\t\t<div class=\"elementor-widget-container\">\n\t\t\t\t\t<h3 class=\"elementor-heading-title elementor-size-default\">Installation des syst\u00e8mes muraux<\/h3>\t\t\t\t<\/div>\n\t\t\t\t<\/div>\n\t\t\t\t<div class=\"elementor-element elementor-element-67dd0a7 elementor-widget elementor-widget-text-editor\" data-id=\"67dd0a7\" data-element_type=\"widget\" data-e-type=\"widget\" data-widget_type=\"text-editor.default\">\n\t\t\t\t<div class=\"elementor-widget-container\">\n\t\t\t\t\t\t\t\t\t<p>Les syst\u00e8mes muraux personnalisables propos\u00e9s par Garage Mania ont \u00e9t\u00e9 mis pour la r\u00e9alisation du projet. Outre les <a href=\"\/fr\/cat\u00e9gorie-de-produit\/crochets\/\" target=\"_blank\" rel=\"noopener\">crochets<\/a> traditionnellement utilis\u00e9s, ont \u00e9t\u00e9 int\u00e9gr\u00e9es des solutions innovantes telles que des <a href=\"\/fr\/cat\u00e9gorie-de-produit\/etageres-et-contenants\/\" target=\"_blank\" rel=\"noopener\">\u00e9tag\u00e8res<\/a> et des supports verticaux adapt\u00e9s aux accessoires de sport les plus encombrants.<\/p>\n\t\t\t\t\t\t\t\t<\/div>\n\t\t\t\t<\/div>\n\t\t\t\t<div class=\"elementor-element elementor-element-9677510 elementor-widget elementor-widget-gallery\" data-id=\"9677510\" data-element_type=\"widget\" data-e-type=\"widget\" data-settings=\"{&quot;gallery_layout&quot;:&quot;masonry&quot;,&quot;columns&quot;:2,&quot;gap&quot;:{&quot;unit&quot;:&quot;px&quot;,&quot;size&quot;:15,&quot;sizes&quot;:[]},&quot;lazyload&quot;:&quot;yes&quot;,&quot;columns_tablet&quot;:2,&quot;columns_mobile&quot;:1,&quot;gap_tablet&quot;:{&quot;unit&quot;:&quot;px&quot;,&quot;size&quot;:10,&quot;sizes&quot;:[]},&quot;gap_mobile&quot;:{&quot;unit&quot;:&quot;px&quot;,&quot;size&quot;:10,&quot;sizes&quot;:[]},&quot;link_to&quot;:&quot;file&quot;,&quot;content_hover_animation&quot;:&quot;fade-in&quot;}\" data-widget_type=\"gallery.default\">\n\t\t\t\t<div class=\"elementor-widget-container\">\n\t\t\t\t\t\t\t<div class=\"elementor-gallery__container\">\n\t\t\t\t\t\t\t<a class=\"e-gallery-item elementor-gallery-item elementor-animated-content\" href=\"https:\/\/www.garagemania.ch\/wp-content\/uploads\/2025\/02\/realizzazione-garage-in-svizzera-garage-mania.jpg\" data-elementor-open-lightbox=\"no\">\n\t\t\t\t\t<div class=\"e-gallery-image elementor-gallery-item__image\" data-thumbnail=\"https:\/\/www.garagemania.ch\/wp-content\/uploads\/2025\/02\/realizzazione-garage-in-svizzera-garage-mania.jpg\" data-width=\"800\" data-height=\"604\" aria-label=\"\" role=\"img\" ><\/div>\n\t\t\t\t\t\t\t\t\t\t\t\t\t\t<\/a>\n\t\t\t\t\t\t\t<a class=\"e-gallery-item elementor-gallery-item elementor-animated-content\" href=\"https:\/\/www.garagemania.ch\/wp-content\/uploads\/2025\/02\/realizzazione-garage-in-svizzera.jpg\" data-elementor-open-lightbox=\"no\">\n\t\t\t\t\t<div class=\"e-gallery-image elementor-gallery-item__image\" data-thumbnail=\"https:\/\/www.garagemania.ch\/wp-content\/uploads\/2025\/02\/realizzazione-garage-in-svizzera.jpg\" data-width=\"500\" data-height=\"733\" aria-label=\"\" role=\"img\" ><\/div>\n\t\t\t\t\t\t\t\t\t\t\t\t\t\t<\/a>\n\t\t\t\t\t\t\t<a class=\"e-gallery-item elementor-gallery-item elementor-animated-content\" href=\"https:\/\/www.garagemania.ch\/wp-content\/uploads\/2025\/02\/progetto-garage-in-svizzera.jpg\" data-elementor-open-lightbox=\"no\">\n\t\t\t\t\t<div class=\"e-gallery-image elementor-gallery-item__image\" data-thumbnail=\"https:\/\/www.garagemania.ch\/wp-content\/uploads\/2025\/02\/progetto-garage-in-svizzera.jpg\" data-width=\"800\" data-height=\"604\" aria-label=\"\" role=\"img\" ><\/div>\n\t\t\t\t\t\t\t\t\t\t\t\t\t\t<\/a>\n\t\t\t\t\t<\/div>\n\t\t\t\t\t<\/div>\n\t\t\t\t<\/div>\n\t\t\t\t<div class=\"elementor-element elementor-element-3fd5de8 elementor-widget elementor-widget-text-editor\" data-id=\"3fd5de8\" data-element_type=\"widget\" data-e-type=\"widget\" data-widget_type=\"text-editor.default\">\n\t\t\t\t<div class=\"elementor-widget-container\">\n\t\t\t\t\t\t\t\t\t<p>Une fois termin\u00e9e l&rsquo;installation des meubles , le garage de ce chalet a \u00e9t\u00e9<br \/>transform\u00e9 en un environnement confortable o\u00f9 chaque \u00e9l\u00e9ment contribue \u00e0 sa fonctionnalit\u00e9 globale sans compromettre l&rsquo;esth\u00e9tique g\u00e9n\u00e9rale.<\/p>\n<p>La r\u00e9alisation de ce garage \u00e0 Klosters est un parfait exemple dont une<br \/>planification minutieuse et une utilisation strat\u00e9gique des mat\u00e9riaux peuvent transformer un espace en un environnement fonctionnel et esth\u00e9tiquement agr\u00e9able.<\/p>\n<p>Gr\u00e2ce \u00e0 l&rsquo;exp\u00e9rience et \u00e0 l&rsquo;expertise de l&rsquo;\u00e9quipe de Garage Mania, le chalet dispose d\u00e9sormais d&rsquo;un garage qui r\u00e9pond non seulement \u00e0 des besoins pratiques, mais qui devient \u00e9galement un \u00e9l\u00e9ment distinctif de l&rsquo;ensemble de la propri\u00e9t\u00e9, refl\u00e9tant l&rsquo;\u00e9quilibre parfait entre le style moderne et l&rsquo;amour de la nature.<\/p>\n\t\t\t\t\t\t\t\t<\/div>\n\t\t\t\t<\/div>\n\t\t\t\t<div class=\"elementor-element elementor-element-e30e4a2 elementor-widget elementor-widget-heading\" data-id=\"e30e4a2\" data-element_type=\"widget\" data-e-type=\"widget\" data-widget_type=\"heading.default\">\n\t\t\t\t<div class=\"elementor-widget-container\">\n\t\t\t\t\t<h2 class=\"elementor-heading-title elementor-size-default\">Contactez-nous pour plus d'informations !<\/h2>\t\t\t\t<\/div>\n\t\t\t\t<\/div>\n\t\t\t\t<div class=\"elementor-element elementor-element-0270b4c elementor-align-center elementor-widget elementor-widget-button\" data-id=\"0270b4c\" data-element_type=\"widget\" data-e-type=\"widget\" data-widget_type=\"button.default\">\n\t\t\t\t<div class=\"elementor-widget-container\">\n\t\t\t\t\t\t\t\t\t<div class=\"elementor-button-wrapper\">\n\t\t\t\t\t<a class=\"elementor-button elementor-button-link elementor-size-sm\" href=\"https:\/\/www.garagemania.ch\/fr\/contacts\/\">\n\t\t\t\t\t\t<span class=\"elementor-button-content-wrapper\">\n\t\t\t\t\t\t\t\t\t<span class=\"elementor-button-text\">Contactez-nous !<\/span>\n\t\t\t\t\t<\/span>\n\t\t\t\t\t<\/a>\n\t\t\t\t<\/div>\n\t\t\t\t\t\t\t\t<\/div>\n\t\t\t\t<\/div>\n\t\t\t\t\t<\/div>\n\t\t\t\t<\/div>\n\t\t\t\t<\/div>\n\t\t","protected":false},"excerpt":{"rendered":"<p>Au c\u0153ur des Alpes suisses, \u00e0 Klosters, Garage Mania a r\u00e9alis\u00e9 un projet exclusif de transformation de un garage d&rsquo;un chalet.<\/p>\n","protected":false},"author":2,"featured_media":16704,"comment_status":"open","ping_status":"open","sticky":false,"template":"","format":"standard","meta":{"site-sidebar-layout":"default","site-content-layout":"","ast-site-content-layout":"default","site-content-style":"default","site-sidebar-style":"default","ast-global-header-display":"","ast-banner-title-visibility":"","ast-main-header-display":"","ast-hfb-above-header-display":"","ast-hfb-below-header-display":"","ast-hfb-mobile-header-display":"","site-post-title":"","ast-breadcrumbs-content":"","ast-featured-img":"","footer-sml-layout":"","ast-disable-related-posts":"","theme-transparent-header-meta":"","adv-header-id-meta":"","stick-header-meta":"","header-above-stick-meta":"","header-main-stick-meta":"","header-below-stick-meta":"","astra-migrate-meta-layouts":"default","ast-page-background-enabled":"default","ast-page-background-meta":{"desktop":{"background-color":"","background-image":"","background-repeat":"repeat","background-position":"center center","background-size":"auto","background-attachment":"scroll","background-type":"","background-media":"","overlay-type":"","overlay-color":"","overlay-opacity":"","overlay-gradient":""},"tablet":{"background-color":"","background-image":"","background-repeat":"repeat","background-position":"center center","background-size":"auto","background-attachment":"scroll","background-type":"","background-media":"","overlay-type":"","overlay-color":"","overlay-opacity":"","overlay-gradient":""},"mobile":{"background-color":"","background-image":"","background-repeat":"repeat","background-position":"center center","background-size":"auto","background-attachment":"scroll","background-type":"","background-media":"","overlay-type":"","overlay-color":"","overlay-opacity":"","overlay-gradient":""}},"ast-content-background-meta":{"desktop":{"background-color":"var(--ast-global-color-5)","background-image":"","background-repeat":"repeat","background-position":"center center","background-size":"auto","background-attachment":"scroll","background-type":"","background-media":"","overlay-type":"","overlay-color":"","overlay-opacity":"","overlay-gradient":""},"tablet":{"background-color":"var(--ast-global-color-5)","background-image":"","background-repeat":"repeat","background-position":"center center","background-size":"auto","background-attachment":"scroll","background-type":"","background-media":"","overlay-type":"","overlay-color":"","overlay-opacity":"","overlay-gradient":""},"mobile":{"background-color":"var(--ast-global-color-5)","background-image":"","background-repeat":"repeat","background-position":"center center","background-size":"auto","background-attachment":"scroll","background-type":"","background-media":"","overlay-type":"","overlay-color":"","overlay-opacity":"","overlay-gradient":""}},"footnotes":""},"categories":[1436,1435],"tags":[],"class_list":["post-16734","post","type-post","status-publish","format-standard","has-post-thumbnail","hentry","category-projets","category-systemes-muraux"],"yoast_head":"<!-- This site is optimized with the Yoast SEO Premium plugin v27.5 (Yoast SEO v27.5) - https:\/\/yoast.com\/product\/yoast-seo-premium-wordpress\/ -->\n<title>Construction d&#039;un garage \u00e0 Klosters, Suisse | Garage Mania<\/title>\n<meta name=\"description\" content=\"Au c\u0153ur des Alpes suisses, \u00e0 Klosters, Garage Mania a r\u00e9alis\u00e9 un projet exclusif de transformation de un garage d&#039;un chalet.\" \/>\n<meta name=\"robots\" content=\"index, follow, max-snippet:-1, max-image-preview:large, max-video-preview:-1\" \/>\n<link rel=\"canonical\" href=\"https:\/\/www.garagemania.ch\/fr\/realisation-dun-garage-meuble-par-garage-mania-a-klosters-suisse\/\" \/>\n<meta property=\"og:locale\" content=\"fr_FR\" \/>\n<meta property=\"og:type\" content=\"article\" \/>\n<meta property=\"og:title\" content=\"R\u00e9alisation d&#039;un garage meubl\u00e9 par Garage Mania \u00e0 Klosters, Suisse\" \/>\n<meta property=\"og:description\" content=\"Au c\u0153ur des Alpes suisses, \u00e0 Klosters, Garage Mania a r\u00e9alis\u00e9 un projet exclusif de transformation de un garage d&#039;un chalet.\" \/>\n<meta property=\"og:url\" content=\"https:\/\/www.garagemania.ch\/fr\/realisation-dun-garage-meuble-par-garage-mania-a-klosters-suisse\/\" \/>\n<meta property=\"og:site_name\" content=\"Garage Mania\" \/>\n<meta property=\"article:publisher\" content=\"https:\/\/www.facebook.com\/garagemania.it\/\" \/>\n<meta property=\"article:published_time\" content=\"2025-02-19T09:16:23+00:00\" \/>\n<meta property=\"article:modified_time\" content=\"2025-09-02T07:44:32+00:00\" \/>\n<meta property=\"og:image\" content=\"https:\/\/www.garagemania.ch\/wp-content\/uploads\/2025\/02\/garage-svizzera-rendering-garage-mania.jpg\" \/>\n\t<meta property=\"og:image:width\" content=\"800\" \/>\n\t<meta property=\"og:image:height\" content=\"533\" \/>\n\t<meta property=\"og:image:type\" content=\"image\/jpeg\" \/>\n<meta name=\"author\" content=\"Ufficio Stampa\" \/>\n<meta name=\"twitter:card\" content=\"summary_large_image\" \/>\n<meta name=\"twitter:label1\" content=\"\u00c9crit par\" \/>\n\t<meta name=\"twitter:data1\" content=\"Ufficio Stampa\" \/>\n\t<meta name=\"twitter:label2\" content=\"Dur\u00e9e de lecture estim\u00e9e\" \/>\n\t<meta name=\"twitter:data2\" content=\"3 minutes\" \/>\n<script type=\"application\/ld+json\" class=\"yoast-schema-graph\">{\"@context\":\"https:\\\/\\\/schema.org\",\"@graph\":[{\"@type\":\"Article\",\"@id\":\"https:\\\/\\\/www.garagemania.ch\\\/fr\\\/realisation-dun-garage-meuble-par-garage-mania-a-klosters-suisse\\\/#article\",\"isPartOf\":{\"@id\":\"https:\\\/\\\/www.garagemania.ch\\\/fr\\\/realisation-dun-garage-meuble-par-garage-mania-a-klosters-suisse\\\/\"},\"author\":{\"name\":\"Ufficio Stampa\",\"@id\":\"https:\\\/\\\/www.garagemania.ch\\\/fr\\\/#\\\/schema\\\/person\\\/171adf94311a3bde603a14704a982329\"},\"headline\":\"R\u00e9alisation d&rsquo;un garage meubl\u00e9 par Garage Mania \u00e0 Klosters, Suisse\",\"datePublished\":\"2025-02-19T09:16:23+00:00\",\"dateModified\":\"2025-09-02T07:44:32+00:00\",\"mainEntityOfPage\":{\"@id\":\"https:\\\/\\\/www.garagemania.ch\\\/fr\\\/realisation-dun-garage-meuble-par-garage-mania-a-klosters-suisse\\\/\"},\"wordCount\":573,\"commentCount\":0,\"publisher\":{\"@id\":\"https:\\\/\\\/www.garagemania.ch\\\/fr\\\/#organization\"},\"image\":{\"@id\":\"https:\\\/\\\/www.garagemania.ch\\\/fr\\\/realisation-dun-garage-meuble-par-garage-mania-a-klosters-suisse\\\/#primaryimage\"},\"thumbnailUrl\":\"https:\\\/\\\/www.garagemania.ch\\\/wp-content\\\/uploads\\\/2025\\\/02\\\/garage-svizzera-rendering-garage-mania.jpg\",\"articleSection\":[\"Projets\",\"Syst\u00e8mes muraux\"],\"inLanguage\":\"fr-FR\",\"potentialAction\":[{\"@type\":\"CommentAction\",\"name\":\"Comment\",\"target\":[\"https:\\\/\\\/www.garagemania.ch\\\/fr\\\/realisation-dun-garage-meuble-par-garage-mania-a-klosters-suisse\\\/#respond\"]}]},{\"@type\":\"WebPage\",\"@id\":\"https:\\\/\\\/www.garagemania.ch\\\/fr\\\/realisation-dun-garage-meuble-par-garage-mania-a-klosters-suisse\\\/\",\"url\":\"https:\\\/\\\/www.garagemania.ch\\\/fr\\\/realisation-dun-garage-meuble-par-garage-mania-a-klosters-suisse\\\/\",\"name\":\"Construction d'un garage \u00e0 Klosters, Suisse | Garage Mania\",\"isPartOf\":{\"@id\":\"https:\\\/\\\/www.garagemania.ch\\\/fr\\\/#website\"},\"primaryImageOfPage\":{\"@id\":\"https:\\\/\\\/www.garagemania.ch\\\/fr\\\/realisation-dun-garage-meuble-par-garage-mania-a-klosters-suisse\\\/#primaryimage\"},\"image\":{\"@id\":\"https:\\\/\\\/www.garagemania.ch\\\/fr\\\/realisation-dun-garage-meuble-par-garage-mania-a-klosters-suisse\\\/#primaryimage\"},\"thumbnailUrl\":\"https:\\\/\\\/www.garagemania.ch\\\/wp-content\\\/uploads\\\/2025\\\/02\\\/garage-svizzera-rendering-garage-mania.jpg\",\"datePublished\":\"2025-02-19T09:16:23+00:00\",\"dateModified\":\"2025-09-02T07:44:32+00:00\",\"description\":\"Au c\u0153ur des Alpes suisses, \u00e0 Klosters, Garage Mania a r\u00e9alis\u00e9 un projet exclusif de transformation de un garage d'un chalet.\",\"breadcrumb\":{\"@id\":\"https:\\\/\\\/www.garagemania.ch\\\/fr\\\/realisation-dun-garage-meuble-par-garage-mania-a-klosters-suisse\\\/#breadcrumb\"},\"inLanguage\":\"fr-FR\",\"potentialAction\":[{\"@type\":\"ReadAction\",\"target\":[\"https:\\\/\\\/www.garagemania.ch\\\/fr\\\/realisation-dun-garage-meuble-par-garage-mania-a-klosters-suisse\\\/\"]}]},{\"@type\":\"ImageObject\",\"inLanguage\":\"fr-FR\",\"@id\":\"https:\\\/\\\/www.garagemania.ch\\\/fr\\\/realisation-dun-garage-meuble-par-garage-mania-a-klosters-suisse\\\/#primaryimage\",\"url\":\"https:\\\/\\\/www.garagemania.ch\\\/wp-content\\\/uploads\\\/2025\\\/02\\\/garage-svizzera-rendering-garage-mania.jpg\",\"contentUrl\":\"https:\\\/\\\/www.garagemania.ch\\\/wp-content\\\/uploads\\\/2025\\\/02\\\/garage-svizzera-rendering-garage-mania.jpg\",\"width\":800,\"height\":533},{\"@type\":\"BreadcrumbList\",\"@id\":\"https:\\\/\\\/www.garagemania.ch\\\/fr\\\/realisation-dun-garage-meuble-par-garage-mania-a-klosters-suisse\\\/#breadcrumb\",\"itemListElement\":[{\"@type\":\"ListItem\",\"position\":1,\"name\":\"Home\",\"item\":\"https:\\\/\\\/www.garagemania.ch\\\/fr\\\/homepage\\\/\"},{\"@type\":\"ListItem\",\"position\":2,\"name\":\"R\u00e9alisation d&#8217;un garage meubl\u00e9 par Garage Mania \u00e0 Klosters, Suisse\"}]},{\"@type\":\"WebSite\",\"@id\":\"https:\\\/\\\/www.garagemania.ch\\\/fr\\\/#website\",\"url\":\"https:\\\/\\\/www.garagemania.ch\\\/fr\\\/\",\"name\":\"Garage Mania\",\"description\":\"Il luogo ideale per tutti coloro che vogliono un garage super esclusivo\",\"publisher\":{\"@id\":\"https:\\\/\\\/www.garagemania.ch\\\/fr\\\/#organization\"},\"potentialAction\":[{\"@type\":\"SearchAction\",\"target\":{\"@type\":\"EntryPoint\",\"urlTemplate\":\"https:\\\/\\\/www.garagemania.ch\\\/fr\\\/?s={search_term_string}\"},\"query-input\":{\"@type\":\"PropertyValueSpecification\",\"valueRequired\":true,\"valueName\":\"search_term_string\"}}],\"inLanguage\":\"fr-FR\"},{\"@type\":\"Organization\",\"@id\":\"https:\\\/\\\/www.garagemania.ch\\\/fr\\\/#organization\",\"name\":\"GLADIATOR WORX SAGL\",\"url\":\"https:\\\/\\\/www.garagemania.ch\\\/fr\\\/\",\"logo\":{\"@type\":\"ImageObject\",\"inLanguage\":\"fr-FR\",\"@id\":\"https:\\\/\\\/www.garagemania.ch\\\/fr\\\/#\\\/schema\\\/logo\\\/image\\\/\",\"url\":\"https:\\\/\\\/www.garagemania.ch\\\/wp-content\\\/uploads\\\/2021\\\/03\\\/Logo-Garage-Mania.png\",\"contentUrl\":\"https:\\\/\\\/www.garagemania.ch\\\/wp-content\\\/uploads\\\/2021\\\/03\\\/Logo-Garage-Mania.png\",\"width\":300,\"height\":282,\"caption\":\"GLADIATOR WORX SAGL\"},\"image\":{\"@id\":\"https:\\\/\\\/www.garagemania.ch\\\/fr\\\/#\\\/schema\\\/logo\\\/image\\\/\"},\"sameAs\":[\"https:\\\/\\\/www.facebook.com\\\/garagemania.it\\\/\",\"https:\\\/\\\/www.instagram.com\\\/garagemania.it\\\/\"]},{\"@type\":\"Person\",\"@id\":\"https:\\\/\\\/www.garagemania.ch\\\/fr\\\/#\\\/schema\\\/person\\\/171adf94311a3bde603a14704a982329\",\"name\":\"Ufficio Stampa\",\"image\":{\"@type\":\"ImageObject\",\"inLanguage\":\"fr-FR\",\"@id\":\"https:\\\/\\\/secure.gravatar.com\\\/avatar\\\/c76bd8c666ec8fe7bb1550bb53e2af4b7780dcaed89f7a6526236c2ed1f63b95?s=96&d=mm&r=g\",\"url\":\"https:\\\/\\\/secure.gravatar.com\\\/avatar\\\/c76bd8c666ec8fe7bb1550bb53e2af4b7780dcaed89f7a6526236c2ed1f63b95?s=96&d=mm&r=g\",\"contentUrl\":\"https:\\\/\\\/secure.gravatar.com\\\/avatar\\\/c76bd8c666ec8fe7bb1550bb53e2af4b7780dcaed89f7a6526236c2ed1f63b95?s=96&d=mm&r=g\",\"caption\":\"Ufficio Stampa\"},\"url\":\"https:\\\/\\\/www.garagemania.ch\\\/fr\\\/author\\\/ideesol\\\/\"}]}<\/script>\n<!-- \/ Yoast SEO Premium plugin. -->","yoast_head_json":{"title":"Construction d'un garage \u00e0 Klosters, Suisse | Garage Mania","description":"Au c\u0153ur des Alpes suisses, \u00e0 Klosters, Garage Mania a r\u00e9alis\u00e9 un projet exclusif de transformation de un garage d'un chalet.","robots":{"index":"index","follow":"follow","max-snippet":"max-snippet:-1","max-image-preview":"max-image-preview:large","max-video-preview":"max-video-preview:-1"},"canonical":"https:\/\/www.garagemania.ch\/fr\/realisation-dun-garage-meuble-par-garage-mania-a-klosters-suisse\/","og_locale":"fr_FR","og_type":"article","og_title":"R\u00e9alisation d'un garage meubl\u00e9 par Garage Mania \u00e0 Klosters, Suisse","og_description":"Au c\u0153ur des Alpes suisses, \u00e0 Klosters, Garage Mania a r\u00e9alis\u00e9 un projet exclusif de transformation de un garage d'un chalet.","og_url":"https:\/\/www.garagemania.ch\/fr\/realisation-dun-garage-meuble-par-garage-mania-a-klosters-suisse\/","og_site_name":"Garage Mania","article_publisher":"https:\/\/www.facebook.com\/garagemania.it\/","article_published_time":"2025-02-19T09:16:23+00:00","article_modified_time":"2025-09-02T07:44:32+00:00","og_image":[{"width":800,"height":533,"url":"https:\/\/www.garagemania.ch\/wp-content\/uploads\/2025\/02\/garage-svizzera-rendering-garage-mania.jpg","type":"image\/jpeg"}],"author":"Ufficio Stampa","twitter_card":"summary_large_image","twitter_misc":{"\u00c9crit par":"Ufficio Stampa","Dur\u00e9e de lecture estim\u00e9e":"3 minutes"},"schema":{"@context":"https:\/\/schema.org","@graph":[{"@type":"Article","@id":"https:\/\/www.garagemania.ch\/fr\/realisation-dun-garage-meuble-par-garage-mania-a-klosters-suisse\/#article","isPartOf":{"@id":"https:\/\/www.garagemania.ch\/fr\/realisation-dun-garage-meuble-par-garage-mania-a-klosters-suisse\/"},"author":{"name":"Ufficio Stampa","@id":"https:\/\/www.garagemania.ch\/fr\/#\/schema\/person\/171adf94311a3bde603a14704a982329"},"headline":"R\u00e9alisation d&rsquo;un garage meubl\u00e9 par Garage Mania \u00e0 Klosters, Suisse","datePublished":"2025-02-19T09:16:23+00:00","dateModified":"2025-09-02T07:44:32+00:00","mainEntityOfPage":{"@id":"https:\/\/www.garagemania.ch\/fr\/realisation-dun-garage-meuble-par-garage-mania-a-klosters-suisse\/"},"wordCount":573,"commentCount":0,"publisher":{"@id":"https:\/\/www.garagemania.ch\/fr\/#organization"},"image":{"@id":"https:\/\/www.garagemania.ch\/fr\/realisation-dun-garage-meuble-par-garage-mania-a-klosters-suisse\/#primaryimage"},"thumbnailUrl":"https:\/\/www.garagemania.ch\/wp-content\/uploads\/2025\/02\/garage-svizzera-rendering-garage-mania.jpg","articleSection":["Projets","Syst\u00e8mes muraux"],"inLanguage":"fr-FR","potentialAction":[{"@type":"CommentAction","name":"Comment","target":["https:\/\/www.garagemania.ch\/fr\/realisation-dun-garage-meuble-par-garage-mania-a-klosters-suisse\/#respond"]}]},{"@type":"WebPage","@id":"https:\/\/www.garagemania.ch\/fr\/realisation-dun-garage-meuble-par-garage-mania-a-klosters-suisse\/","url":"https:\/\/www.garagemania.ch\/fr\/realisation-dun-garage-meuble-par-garage-mania-a-klosters-suisse\/","name":"Construction d'un garage \u00e0 Klosters, Suisse | Garage Mania","isPartOf":{"@id":"https:\/\/www.garagemania.ch\/fr\/#website"},"primaryImageOfPage":{"@id":"https:\/\/www.garagemania.ch\/fr\/realisation-dun-garage-meuble-par-garage-mania-a-klosters-suisse\/#primaryimage"},"image":{"@id":"https:\/\/www.garagemania.ch\/fr\/realisation-dun-garage-meuble-par-garage-mania-a-klosters-suisse\/#primaryimage"},"thumbnailUrl":"https:\/\/www.garagemania.ch\/wp-content\/uploads\/2025\/02\/garage-svizzera-rendering-garage-mania.jpg","datePublished":"2025-02-19T09:16:23+00:00","dateModified":"2025-09-02T07:44:32+00:00","description":"Au c\u0153ur des Alpes suisses, \u00e0 Klosters, Garage Mania a r\u00e9alis\u00e9 un projet exclusif de transformation de un garage d'un chalet.","breadcrumb":{"@id":"https:\/\/www.garagemania.ch\/fr\/realisation-dun-garage-meuble-par-garage-mania-a-klosters-suisse\/#breadcrumb"},"inLanguage":"fr-FR","potentialAction":[{"@type":"ReadAction","target":["https:\/\/www.garagemania.ch\/fr\/realisation-dun-garage-meuble-par-garage-mania-a-klosters-suisse\/"]}]},{"@type":"ImageObject","inLanguage":"fr-FR","@id":"https:\/\/www.garagemania.ch\/fr\/realisation-dun-garage-meuble-par-garage-mania-a-klosters-suisse\/#primaryimage","url":"https:\/\/www.garagemania.ch\/wp-content\/uploads\/2025\/02\/garage-svizzera-rendering-garage-mania.jpg","contentUrl":"https:\/\/www.garagemania.ch\/wp-content\/uploads\/2025\/02\/garage-svizzera-rendering-garage-mania.jpg","width":800,"height":533},{"@type":"BreadcrumbList","@id":"https:\/\/www.garagemania.ch\/fr\/realisation-dun-garage-meuble-par-garage-mania-a-klosters-suisse\/#breadcrumb","itemListElement":[{"@type":"ListItem","position":1,"name":"Home","item":"https:\/\/www.garagemania.ch\/fr\/homepage\/"},{"@type":"ListItem","position":2,"name":"R\u00e9alisation d&#8217;un garage meubl\u00e9 par Garage Mania \u00e0 Klosters, Suisse"}]},{"@type":"WebSite","@id":"https:\/\/www.garagemania.ch\/fr\/#website","url":"https:\/\/www.garagemania.ch\/fr\/","name":"Garage Mania","description":"Il luogo ideale per tutti coloro che vogliono un garage super esclusivo","publisher":{"@id":"https:\/\/www.garagemania.ch\/fr\/#organization"},"potentialAction":[{"@type":"SearchAction","target":{"@type":"EntryPoint","urlTemplate":"https:\/\/www.garagemania.ch\/fr\/?s={search_term_string}"},"query-input":{"@type":"PropertyValueSpecification","valueRequired":true,"valueName":"search_term_string"}}],"inLanguage":"fr-FR"},{"@type":"Organization","@id":"https:\/\/www.garagemania.ch\/fr\/#organization","name":"GLADIATOR WORX SAGL","url":"https:\/\/www.garagemania.ch\/fr\/","logo":{"@type":"ImageObject","inLanguage":"fr-FR","@id":"https:\/\/www.garagemania.ch\/fr\/#\/schema\/logo\/image\/","url":"https:\/\/www.garagemania.ch\/wp-content\/uploads\/2021\/03\/Logo-Garage-Mania.png","contentUrl":"https:\/\/www.garagemania.ch\/wp-content\/uploads\/2021\/03\/Logo-Garage-Mania.png","width":300,"height":282,"caption":"GLADIATOR WORX SAGL"},"image":{"@id":"https:\/\/www.garagemania.ch\/fr\/#\/schema\/logo\/image\/"},"sameAs":["https:\/\/www.facebook.com\/garagemania.it\/","https:\/\/www.instagram.com\/garagemania.it\/"]},{"@type":"Person","@id":"https:\/\/www.garagemania.ch\/fr\/#\/schema\/person\/171adf94311a3bde603a14704a982329","name":"Ufficio Stampa","image":{"@type":"ImageObject","inLanguage":"fr-FR","@id":"https:\/\/secure.gravatar.com\/avatar\/c76bd8c666ec8fe7bb1550bb53e2af4b7780dcaed89f7a6526236c2ed1f63b95?s=96&d=mm&r=g","url":"https:\/\/secure.gravatar.com\/avatar\/c76bd8c666ec8fe7bb1550bb53e2af4b7780dcaed89f7a6526236c2ed1f63b95?s=96&d=mm&r=g","contentUrl":"https:\/\/secure.gravatar.com\/avatar\/c76bd8c666ec8fe7bb1550bb53e2af4b7780dcaed89f7a6526236c2ed1f63b95?s=96&d=mm&r=g","caption":"Ufficio Stampa"},"url":"https:\/\/www.garagemania.ch\/fr\/author\/ideesol\/"}]}},"_links":{"self":[{"href":"https:\/\/www.garagemania.ch\/fr\/wp-json\/wp\/v2\/posts\/16734","targetHints":{"allow":["GET"]}}],"collection":[{"href":"https:\/\/www.garagemania.ch\/fr\/wp-json\/wp\/v2\/posts"}],"about":[{"href":"https:\/\/www.garagemania.ch\/fr\/wp-json\/wp\/v2\/types\/post"}],"author":[{"embeddable":true,"href":"https:\/\/www.garagemania.ch\/fr\/wp-json\/wp\/v2\/users\/2"}],"replies":[{"embeddable":true,"href":"https:\/\/www.garagemania.ch\/fr\/wp-json\/wp\/v2\/comments?post=16734"}],"version-history":[{"count":6,"href":"https:\/\/www.garagemania.ch\/fr\/wp-json\/wp\/v2\/posts\/16734\/revisions"}],"predecessor-version":[{"id":17125,"href":"https:\/\/www.garagemania.ch\/fr\/wp-json\/wp\/v2\/posts\/16734\/revisions\/17125"}],"wp:featuredmedia":[{"embeddable":true,"href":"https:\/\/www.garagemania.ch\/fr\/wp-json\/wp\/v2\/media\/16704"}],"wp:attachment":[{"href":"https:\/\/www.garagemania.ch\/fr\/wp-json\/wp\/v2\/media?parent=16734"}],"wp:term":[{"taxonomy":"category","embeddable":true,"href":"https:\/\/www.garagemania.ch\/fr\/wp-json\/wp\/v2\/categories?post=16734"},{"taxonomy":"post_tag","embeddable":true,"href":"https:\/\/www.garagemania.ch\/fr\/wp-json\/wp\/v2\/tags?post=16734"}],"curies":[{"name":"wp","href":"https:\/\/api.w.org\/{rel}","templated":true}]}}