{"id":16830,"date":"2025-04-07T09:00:36","date_gmt":"2025-04-07T07:00:36","guid":{"rendered":"https:\/\/www.garagemania.ch\/garage-organise-transformation-dune-cave-a-lugano-en-un-espace-multifonctionnel\/"},"modified":"2025-09-02T09:44:29","modified_gmt":"2025-09-02T07:44:29","slug":"garage-organise-transformation-dune-cave-a-lugano-en-un-espace-multifonctionnel","status":"publish","type":"post","link":"https:\/\/www.garagemania.ch\/fr\/garage-organise-transformation-dune-cave-a-lugano-en-un-espace-multifonctionnel\/","title":{"rendered":"Garage organis\u00e9 : transformation d&rsquo;une cave \u00e0 Lugano en un espace multifonctionnel"},"content":{"rendered":"\t\t<div data-elementor-type=\"wp-post\" data-elementor-id=\"16830\" class=\"elementor elementor-16830 elementor-16812\" data-elementor-post-type=\"post\">\n\t\t\t\t<div class=\"elementor-element elementor-element-229d447 e-flex e-con-boxed e-con e-parent\" data-id=\"229d447\" data-element_type=\"container\" data-e-type=\"container\">\n\t\t\t\t\t<div class=\"e-con-inner\">\n\t\t\t\t<div class=\"elementor-element elementor-element-ca17dea elementor-widget elementor-widget-text-editor\" data-id=\"ca17dea\" data-element_type=\"widget\" data-e-type=\"widget\" data-widget_type=\"text-editor.default\">\n\t\t\t\t<div class=\"elementor-widget-container\">\n\t\t\t\t\t\t\t\t\t<p>Garage Mania, leader en Suisse des solutions d&rsquo;am\u00e9nagement de garage, a r\u00e9alis\u00e9 un projet \u00e0 Montagnola, Lugano, transformant une <strong>cave de 15 m2<\/strong> en un espace organis\u00e9 et fonctionnel. Dans un nouveau complexe immobilier, nous avons optimis\u00e9 chaque centim\u00e8tre disponible.<\/p>\n\t\t\t\t\t\t\t\t<\/div>\n\t\t\t\t<\/div>\n\t\t\t\t<div class=\"elementor-element elementor-element-7cd63d2 elementor-widget elementor-widget-heading\" data-id=\"7cd63d2\" data-element_type=\"widget\" data-e-type=\"widget\" data-widget_type=\"heading.default\">\n\t\t\t\t<div class=\"elementor-widget-container\">\n\t\t\t\t\t<h2 class=\"elementor-heading-title elementor-size-default\">Le d\u00e9fi : optimiser un petit espace<\/h2>\t\t\t\t<\/div>\n\t\t\t\t<\/div>\n\t\t\t\t<div class=\"elementor-element elementor-element-736ecd8 elementor-widget elementor-widget-text-editor\" data-id=\"736ecd8\" data-element_type=\"widget\" data-e-type=\"widget\" data-widget_type=\"text-editor.default\">\n\t\t\t\t<div class=\"elementor-widget-container\">\n\t\t\t\t\t\t\t\t\t<p>Transformer un sous-sol en espace organis\u00e9 n\u00e9cessite une planification et des solutions intelligentes. Le client souhaitait de l&rsquo;espace pour les \u00e9quipements sportifs (v\u00e9los, skis), les outils et autres objets, tout en maintenant l&rsquo;ordre et l&rsquo;accessibilit\u00e9.<\/p>\n\t\t\t\t\t\t\t\t<\/div>\n\t\t\t\t<\/div>\n\t\t\t\t<div class=\"elementor-element elementor-element-2e92987 elementor-widget elementor-widget-heading\" data-id=\"2e92987\" data-element_type=\"widget\" data-e-type=\"widget\" data-widget_type=\"heading.default\">\n\t\t\t\t<div class=\"elementor-widget-container\">\n\t\t\t\t\t<h2 class=\"elementor-heading-title elementor-size-default\">La solution Garage Mania : design et fonctionnalit\u00e9<\/h2>\t\t\t\t<\/div>\n\t\t\t\t<\/div>\n\t\t\t\t<div class=\"elementor-element elementor-element-670f97f elementor-widget elementor-widget-text-editor\" data-id=\"670f97f\" data-element_type=\"widget\" data-e-type=\"widget\" data-widget_type=\"text-editor.default\">\n\t\t\t\t<div class=\"elementor-widget-container\">\n\t\t\t\t\t\t\t\t\t<p>Garage Mania a propos\u00e9 un <strong>projet sur mesure<\/strong>, int\u00e9grant les <strong>solutions Gladiator<\/strong> pour maximiser l&rsquo;espace. L&rsquo;objectif \u00e9tait de cr\u00e9er un espace organis\u00e9 et polyvalent adapt\u00e9 \u00e0 diff\u00e9rents besoins.<\/p>\n\t\t\t\t\t\t\t\t<\/div>\n\t\t\t\t<\/div>\n\t\t\t\t<div class=\"elementor-element elementor-element-2de7d38 elementor-widget elementor-widget-heading\" data-id=\"2de7d38\" data-element_type=\"widget\" data-e-type=\"widget\" data-widget_type=\"heading.default\">\n\t\t\t\t<div class=\"elementor-widget-container\">\n\t\t\t\t\t<h2 class=\"elementor-heading-title elementor-size-default\">Produits utilis\u00e9s<\/h2>\t\t\t\t<\/div>\n\t\t\t\t<\/div>\n\t\t\t\t<div class=\"elementor-element elementor-element-8575e8d elementor-widget elementor-widget-text-editor\" data-id=\"8575e8d\" data-element_type=\"widget\" data-e-type=\"widget\" data-widget_type=\"text-editor.default\">\n\t\t\t\t<div class=\"elementor-widget-container\">\n\t\t\t\t\t\t\t\t\t<ul>\n<li><a href=\"https:\/\/www.garagemania.ch\/fr\/produit\/armoire-jumbo-all-season-91x61x183-gajg36grdg\/\" target=\"_blank\" rel=\"noopener\"><strong>Armoires suspendues toutes saisons g\u00e9antes de la s\u00e9rie Gladiator<\/strong><\/a> : offrent une grande capacit\u00e9 sans occuper d&rsquo;espace au sol. R\u00e9sistant aux diff\u00e9rentes conditions climatiques, id\u00e9al pour un garage organis\u00e9. (91x61x183 cm)<\/li>\n<li><a href=\"https:\/\/www.garagemania.ch\/fr\/produit\/etablis-en-bois-hardwood-169x51-gawb66hwgg\/\" target=\"_blank\" rel=\"noopener\"><strong>Etabli avec plateau en bois dur (169&#215;51 cm)<\/strong><\/a> : Plan de travail robuste pour l&rsquo;entretien et le bricolage. Le bois dur assure la durabilit\u00e9.<\/li>\n<li><a href=\"https:\/\/www.garagemania.ch\/fr\/produit\/coffre-a-outils-sur-roulettes-gladiator-avec-cinq-tiroirs-gearbox-gagd275dlg\/\" target=\"_blank\" rel=\"noopener\"><strong>Coffre \u00e0 roulettes Gladiator<\/strong><\/a> : Rangement mobile et flexible pour un garage organis\u00e9. Faciles \u00e0 d\u00e9placer, les tiroirs gardent vos ustensiles en ordre.<\/li>\n<li><a href=\"https:\/\/www.garagemania.ch\/fr\/cat\u00e9gorie-de-produit\/systemes-muraux\/\" target=\"_blank\" rel=\"noopener\"><strong>Murs \u00e9quip\u00e9s Gladiator<\/strong><\/a> : Id\u00e9al pour les \u00e9quipements sportifs tels que les v\u00e9los et les skis. Les crochets et supports modulables personnalisent l&rsquo;espace en profitant de la hauteur.<\/li>\n<li><a href=\"https:\/\/www.garagemania.ch\/fr\/cat\u00e9gorie-de-produit\/etageres-et-contenants\/\" target=\"_blank\" rel=\"noopener\"><strong>Paniers et \u00e9tag\u00e8res<\/strong><\/a> : Pour compl\u00e9ter l&rsquo;organisation, parfaits pour les petits objets, tout en gardant tout accessible.<\/li>\n<\/ul>\n\t\t\t\t\t\t\t\t<\/div>\n\t\t\t\t<\/div>\n\t\t\t\t\t<\/div>\n\t\t\t\t<\/div>\n\t\t<div class=\"elementor-element elementor-element-a42ae34 e-flex e-con-boxed e-con e-parent\" data-id=\"a42ae34\" data-element_type=\"container\" data-e-type=\"container\">\n\t\t\t\t\t<div class=\"e-con-inner\">\n\t\t\t\t<div class=\"elementor-element elementor-element-df09b61 gallery-spacing-custom elementor-widget elementor-widget-image-gallery\" data-id=\"df09b61\" data-element_type=\"widget\" data-e-type=\"widget\" data-widget_type=\"image-gallery.default\">\n\t\t\t\t<div class=\"elementor-widget-container\">\n\t\t\t\t\t\t\t<div class=\"elementor-image-gallery\">\n\t\t\t\n<a data-elementor-open-lightbox=\"yes\" data-elementor-lightbox-slideshow=\"df09b61\" data-elementor-lightbox-title=\"progetto-garage-svizzera\" data-e-action-hash=\"#elementor-action%3Aaction%3Dlightbox%26settings%3DeyJpZCI6MTY4MjAsInVybCI6Imh0dHBzOlwvXC93d3cuZ2FyYWdlbWFuaWEuY2hcL3dwLWNvbnRlbnRcL3VwbG9hZHNcLzIwMjVcLzAzXC9wcm9nZXR0by1nYXJhZ2Utc3ZpenplcmEuanBnIiwic2xpZGVzaG93IjoiZGYwOWI2MSJ9\" href='https:\/\/www.garagemania.ch\/wp-content\/uploads\/2025\/03\/progetto-garage-svizzera.jpg'><img fetchpriority=\"high\" decoding=\"async\" width=\"1000\" height=\"667\" src=\"https:\/\/www.garagemania.ch\/wp-content\/uploads\/2025\/03\/progetto-garage-svizzera.jpg\" class=\"attachment-full size-full\" alt=\"\" srcset=\"https:\/\/www.garagemania.ch\/wp-content\/uploads\/2025\/03\/progetto-garage-svizzera.jpg 1000w, https:\/\/www.garagemania.ch\/wp-content\/uploads\/2025\/03\/progetto-garage-svizzera-400x267.jpg 400w, https:\/\/www.garagemania.ch\/wp-content\/uploads\/2025\/03\/progetto-garage-svizzera-768x512.jpg 768w, https:\/\/www.garagemania.ch\/wp-content\/uploads\/2025\/03\/progetto-garage-svizzera-600x400.jpg 600w\" sizes=\"(max-width: 1000px) 100vw, 1000px\" \/><\/a>\n<a data-elementor-open-lightbox=\"yes\" data-elementor-lightbox-slideshow=\"df09b61\" data-elementor-lightbox-title=\"garage-organizzato\" data-e-action-hash=\"#elementor-action%3Aaction%3Dlightbox%26settings%3DeyJpZCI6MTY4MTcsInVybCI6Imh0dHBzOlwvXC93d3cuZ2FyYWdlbWFuaWEuY2hcL3dwLWNvbnRlbnRcL3VwbG9hZHNcLzIwMjVcLzAzXC9nYXJhZ2Utb3JnYW5penphdG8uanBnIiwic2xpZGVzaG93IjoiZGYwOWI2MSJ9\" href='https:\/\/www.garagemania.ch\/wp-content\/uploads\/2025\/03\/garage-organizzato.jpg'><img decoding=\"async\" width=\"1000\" height=\"667\" src=\"https:\/\/www.garagemania.ch\/wp-content\/uploads\/2025\/03\/garage-organizzato.jpg\" class=\"attachment-full size-full\" alt=\"\" srcset=\"https:\/\/www.garagemania.ch\/wp-content\/uploads\/2025\/03\/garage-organizzato.jpg 1000w, https:\/\/www.garagemania.ch\/wp-content\/uploads\/2025\/03\/garage-organizzato-400x267.jpg 400w, https:\/\/www.garagemania.ch\/wp-content\/uploads\/2025\/03\/garage-organizzato-768x512.jpg 768w, https:\/\/www.garagemania.ch\/wp-content\/uploads\/2025\/03\/garage-organizzato-600x400.jpg 600w\" sizes=\"(max-width: 1000px) 100vw, 1000px\" \/><\/a>\n<a data-elementor-open-lightbox=\"yes\" data-elementor-lightbox-slideshow=\"df09b61\" data-elementor-lightbox-title=\"progetto-garage-mania\" data-e-action-hash=\"#elementor-action%3Aaction%3Dlightbox%26settings%3DeyJpZCI6MTY4MjMsInVybCI6Imh0dHBzOlwvXC93d3cuZ2FyYWdlbWFuaWEuY2hcL3dwLWNvbnRlbnRcL3VwbG9hZHNcLzIwMjVcLzAzXC9wcm9nZXR0by1nYXJhZ2UtbWFuaWEuanBnIiwic2xpZGVzaG93IjoiZGYwOWI2MSJ9\" href='https:\/\/www.garagemania.ch\/wp-content\/uploads\/2025\/03\/progetto-garage-mania.jpg'><img decoding=\"async\" width=\"1000\" height=\"667\" src=\"https:\/\/www.garagemania.ch\/wp-content\/uploads\/2025\/03\/progetto-garage-mania.jpg\" class=\"attachment-full size-full\" alt=\"\" srcset=\"https:\/\/www.garagemania.ch\/wp-content\/uploads\/2025\/03\/progetto-garage-mania.jpg 1000w, https:\/\/www.garagemania.ch\/wp-content\/uploads\/2025\/03\/progetto-garage-mania-400x267.jpg 400w, https:\/\/www.garagemania.ch\/wp-content\/uploads\/2025\/03\/progetto-garage-mania-768x512.jpg 768w, https:\/\/www.garagemania.ch\/wp-content\/uploads\/2025\/03\/progetto-garage-mania-600x400.jpg 600w\" sizes=\"(max-width: 1000px) 100vw, 1000px\" \/><\/a>\n<a data-elementor-open-lightbox=\"yes\" data-elementor-lightbox-slideshow=\"df09b61\" data-elementor-lightbox-title=\"garage-mania-progetto-svizzera\" data-e-action-hash=\"#elementor-action%3Aaction%3Dlightbox%26settings%3DeyJpZCI6MTY4MjYsInVybCI6Imh0dHBzOlwvXC93d3cuZ2FyYWdlbWFuaWEuY2hcL3dwLWNvbnRlbnRcL3VwbG9hZHNcLzIwMjVcLzAzXC9nYXJhZ2UtbWFuaWEtcHJvZ2V0dG8tc3ZpenplcmEuanBnIiwic2xpZGVzaG93IjoiZGYwOWI2MSJ9\" href='https:\/\/www.garagemania.ch\/wp-content\/uploads\/2025\/03\/garage-mania-progetto-svizzera.jpg'><img loading=\"lazy\" decoding=\"async\" width=\"1000\" height=\"667\" src=\"https:\/\/www.garagemania.ch\/wp-content\/uploads\/2025\/03\/garage-mania-progetto-svizzera.jpg\" class=\"attachment-full size-full\" alt=\"\" srcset=\"https:\/\/www.garagemania.ch\/wp-content\/uploads\/2025\/03\/garage-mania-progetto-svizzera.jpg 1000w, https:\/\/www.garagemania.ch\/wp-content\/uploads\/2025\/03\/garage-mania-progetto-svizzera-400x267.jpg 400w, https:\/\/www.garagemania.ch\/wp-content\/uploads\/2025\/03\/garage-mania-progetto-svizzera-768x512.jpg 768w, https:\/\/www.garagemania.ch\/wp-content\/uploads\/2025\/03\/garage-mania-progetto-svizzera-600x400.jpg 600w\" sizes=\"(max-width: 1000px) 100vw, 1000px\" \/><\/a>\n\t\t<\/div>\n\t\t\t\t\t\t<\/div>\n\t\t\t\t<\/div>\n\t\t\t\t\t<\/div>\n\t\t\t\t<\/div>\n\t\t<div class=\"elementor-element elementor-element-37fb52b e-flex e-con-boxed e-con e-parent\" data-id=\"37fb52b\" data-element_type=\"container\" data-e-type=\"container\">\n\t\t\t\t\t<div class=\"e-con-inner\">\n\t\t\t\t<div class=\"elementor-element elementor-element-dc356cb elementor-widget elementor-widget-heading\" data-id=\"dc356cb\" data-element_type=\"widget\" data-e-type=\"widget\" data-widget_type=\"heading.default\">\n\t\t\t\t<div class=\"elementor-widget-container\">\n\t\t\t\t\t<h2 class=\"elementor-heading-title elementor-size-default\">Avantages du projet<\/h2>\t\t\t\t<\/div>\n\t\t\t\t<\/div>\n\t\t\t\t<div class=\"elementor-element elementor-element-7a11fd2 elementor-widget elementor-widget-text-editor\" data-id=\"7a11fd2\" data-element_type=\"widget\" data-e-type=\"widget\" data-widget_type=\"text-editor.default\">\n\t\t\t\t<div class=\"elementor-widget-container\">\n\t\t\t\t\t\t\t\t\t<ul>\n<li><strong>Maximisation de l&rsquo;espace<\/strong> : Chaque centim\u00e8tre exploit\u00e9 avec des solutions verticales et modulaires pour un espace organis\u00e9.<\/li>\n<li><strong>Organisation efficace<\/strong> : \u00c9quipements et outils bien rang\u00e9s et accessibles.<\/li>\n<li><strong>Environnement polyvalent<\/strong> : Espace utilisable pour le stockage et le bricolage, conservant un garage organis\u00e9.<\/li>\n<li><strong>Esth\u00e9tique attrayante<\/strong> : Design moderne et professionnel des produits Gladiator.<\/li>\n<\/ul>\n\t\t\t\t\t\t\t\t<\/div>\n\t\t\t\t<\/div>\n\t\t\t\t<div class=\"elementor-element elementor-element-170860e elementor-widget elementor-widget-heading\" data-id=\"170860e\" data-element_type=\"widget\" data-e-type=\"widget\" data-widget_type=\"heading.default\">\n\t\t\t\t<div class=\"elementor-widget-container\">\n\t\t\t\t\t<h2 class=\"elementor-heading-title elementor-size-default\">Les avantages des produits Gladiator<\/h2>\t\t\t\t<\/div>\n\t\t\t\t<\/div>\n\t\t\t\t<div class=\"elementor-element elementor-element-2f228bc elementor-widget elementor-widget-text-editor\" data-id=\"2f228bc\" data-element_type=\"widget\" data-e-type=\"widget\" data-widget_type=\"text-editor.default\">\n\t\t\t\t<div class=\"elementor-widget-container\">\n\t\t\t\t\t\t\t\t\t<p>Les produits Gladiator offrent qualit\u00e9, robustesse et polyvalence. Ils sont con\u00e7us pour r\u00e9sister \u00e0 des conditions difficiles, id\u00e9aux pour un garage organis\u00e9.<\/p>\n<p>Garage Mania est le revendeur officiel de Gladiator, garantissant des produits certifi\u00e9s et une assistance compl\u00e8te. Les produits Gladiator sont garantis 10 ans par Whirlpool\u00ae, certifi\u00e9s UL et soumis \u00e0 des tests en laboratoire. Tous les crochets, meubles et syst\u00e8mes muraux sont test\u00e9s \u00e0 charge maximale et \u00e0 -34\u00b0C et 66\u00b0C. Les armoires sont test\u00e9es au poids quadruple \u00e0 -18\u00b0C et \u00e0 49\u00b0C.<\/p>\n\t\t\t\t\t\t\t\t<\/div>\n\t\t\t\t<\/div>\n\t\t\t\t<div class=\"elementor-element elementor-element-66ef360 elementor-widget elementor-widget-heading\" data-id=\"66ef360\" data-element_type=\"widget\" data-e-type=\"widget\" data-widget_type=\"heading.default\">\n\t\t\t\t<div class=\"elementor-widget-container\">\n\t\t\t\t\t<h2 class=\"elementor-heading-title elementor-size-default\">Garage Mania : le partenaire id\u00e9al pour am\u00e9nager votre garage<\/h2>\t\t\t\t<\/div>\n\t\t\t\t<\/div>\n\t\t\t\t<div class=\"elementor-element elementor-element-f9d8da7 elementor-widget elementor-widget-text-editor\" data-id=\"f9d8da7\" data-element_type=\"widget\" data-e-type=\"widget\" data-widget_type=\"text-editor.default\">\n\t\t\t\t<div class=\"elementor-widget-container\">\n\t\t\t\t\t\t\t\t\t<p>Garage Mania propose une <strong>large gamme de produits<\/strong> et services pour transformer votre garage en un espace de garage fonctionnel et organis\u00e9. De la conception \u00e0 l\u2019installation, nous vous proposons des solutions personnalis\u00e9es et de qualit\u00e9.<\/p>\n<p>Pour plus d&rsquo;informations <a href=\"https:\/\/www.garagemania.ch\/fr\/contacts\/\" target=\"_blank\" rel=\"noopener\"><strong>contactez-nous<\/strong><\/a>.<\/p>\n\t\t\t\t\t\t\t\t<\/div>\n\t\t\t\t<\/div>\n\t\t\t\t\t<\/div>\n\t\t\t\t<\/div>\n\t\t\t\t<\/div>\n\t\t","protected":false},"excerpt":{"rendered":"<p>Garage Mania transforme une cave de 15 m2 \u00e0 Lugano en un garage organis\u00e9 multifonctionnel avec les solutions Gladiator.<\/p>\n","protected":false},"author":2,"featured_media":16817,"comment_status":"open","ping_status":"open","sticky":false,"template":"","format":"standard","meta":{"site-sidebar-layout":"default","site-content-layout":"","ast-site-content-layout":"default","site-content-style":"default","site-sidebar-style":"default","ast-global-header-display":"","ast-banner-title-visibility":"","ast-main-header-display":"","ast-hfb-above-header-display":"","ast-hfb-below-header-display":"","ast-hfb-mobile-header-display":"","site-post-title":"","ast-breadcrumbs-content":"","ast-featured-img":"","footer-sml-layout":"","ast-disable-related-posts":"","theme-transparent-header-meta":"","adv-header-id-meta":"","stick-header-meta":"","header-above-stick-meta":"","header-main-stick-meta":"","header-below-stick-meta":"","astra-migrate-meta-layouts":"default","ast-page-background-enabled":"default","ast-page-background-meta":{"desktop":{"background-color":"","background-image":"","background-repeat":"repeat","background-position":"center center","background-size":"auto","background-attachment":"scroll","background-type":"","background-media":"","overlay-type":"","overlay-color":"","overlay-opacity":"","overlay-gradient":""},"tablet":{"background-color":"","background-image":"","background-repeat":"repeat","background-position":"center center","background-size":"auto","background-attachment":"scroll","background-type":"","background-media":"","overlay-type":"","overlay-color":"","overlay-opacity":"","overlay-gradient":""},"mobile":{"background-color":"","background-image":"","background-repeat":"repeat","background-position":"center center","background-size":"auto","background-attachment":"scroll","background-type":"","background-media":"","overlay-type":"","overlay-color":"","overlay-opacity":"","overlay-gradient":""}},"ast-content-background-meta":{"desktop":{"background-color":"var(--ast-global-color-5)","background-image":"","background-repeat":"repeat","background-position":"center center","background-size":"auto","background-attachment":"scroll","background-type":"","background-media":"","overlay-type":"","overlay-color":"","overlay-opacity":"","overlay-gradient":""},"tablet":{"background-color":"var(--ast-global-color-5)","background-image":"","background-repeat":"repeat","background-position":"center center","background-size":"auto","background-attachment":"scroll","background-type":"","background-media":"","overlay-type":"","overlay-color":"","overlay-opacity":"","overlay-gradient":""},"mobile":{"background-color":"var(--ast-global-color-5)","background-image":"","background-repeat":"repeat","background-position":"center center","background-size":"auto","background-attachment":"scroll","background-type":"","background-media":"","overlay-type":"","overlay-color":"","overlay-opacity":"","overlay-gradient":""}},"footnotes":""},"categories":[1434,1436],"tags":[],"class_list":["post-16830","post","type-post","status-publish","format-standard","has-post-thumbnail","hentry","category-amenagement-garage","category-projets"],"yoast_head":"<!-- This site is optimized with the Yoast SEO Premium plugin v27.5 (Yoast SEO v27.5) - https:\/\/yoast.com\/product\/yoast-seo-premium-wordpress\/ -->\n<title>Garage organis\u00e9 : Cave transform\u00e9e \u00e0 Lugano | La manie des garages<\/title>\n<meta name=\"description\" content=\"Garage Mania transforme une cave de 15 m2 \u00e0 Lugano en un garage organis\u00e9 multifonctionnel avec les solutions Gladiator. D\u00e9couvrez comment optimiser votre espace !\" \/>\n<meta name=\"robots\" content=\"index, follow, max-snippet:-1, max-image-preview:large, max-video-preview:-1\" \/>\n<link rel=\"canonical\" href=\"https:\/\/www.garagemania.ch\/fr\/garage-organise-transformation-dune-cave-a-lugano-en-un-espace-multifonctionnel\/\" \/>\n<meta property=\"og:locale\" content=\"fr_FR\" \/>\n<meta property=\"og:type\" content=\"article\" \/>\n<meta property=\"og:title\" content=\"Garage organis\u00e9 : transformation d&#039;une cave \u00e0 Lugano en un espace multifonctionnel\" \/>\n<meta property=\"og:description\" content=\"Garage Mania transforme une cave de 15 m2 \u00e0 Lugano en un garage organis\u00e9 multifonctionnel avec les solutions Gladiator. D\u00e9couvrez comment optimiser votre espace !\" \/>\n<meta property=\"og:url\" content=\"https:\/\/www.garagemania.ch\/fr\/garage-organise-transformation-dune-cave-a-lugano-en-un-espace-multifonctionnel\/\" \/>\n<meta property=\"og:site_name\" content=\"Garage Mania\" \/>\n<meta property=\"article:publisher\" content=\"https:\/\/www.facebook.com\/garagemania.it\/\" \/>\n<meta property=\"article:published_time\" content=\"2025-04-07T07:00:36+00:00\" \/>\n<meta property=\"article:modified_time\" content=\"2025-09-02T07:44:29+00:00\" \/>\n<meta property=\"og:image\" content=\"https:\/\/www.garagemania.ch\/wp-content\/uploads\/2025\/03\/garage-organizzato.jpg\" \/>\n\t<meta property=\"og:image:width\" content=\"1000\" \/>\n\t<meta property=\"og:image:height\" content=\"667\" \/>\n\t<meta property=\"og:image:type\" content=\"image\/jpeg\" \/>\n<meta name=\"author\" content=\"Ufficio Stampa\" \/>\n<meta name=\"twitter:card\" content=\"summary_large_image\" \/>\n<meta name=\"twitter:label1\" content=\"\u00c9crit par\" \/>\n\t<meta name=\"twitter:data1\" content=\"Ufficio Stampa\" \/>\n\t<meta name=\"twitter:label2\" content=\"Dur\u00e9e de lecture estim\u00e9e\" \/>\n\t<meta name=\"twitter:data2\" content=\"2 minutes\" \/>\n<script type=\"application\/ld+json\" class=\"yoast-schema-graph\">{\"@context\":\"https:\\\/\\\/schema.org\",\"@graph\":[{\"@type\":\"Article\",\"@id\":\"https:\\\/\\\/www.garagemania.ch\\\/fr\\\/garage-organise-transformation-dune-cave-a-lugano-en-un-espace-multifonctionnel\\\/#article\",\"isPartOf\":{\"@id\":\"https:\\\/\\\/www.garagemania.ch\\\/fr\\\/garage-organise-transformation-dune-cave-a-lugano-en-un-espace-multifonctionnel\\\/\"},\"author\":{\"name\":\"Ufficio Stampa\",\"@id\":\"https:\\\/\\\/www.garagemania.ch\\\/fr\\\/#\\\/schema\\\/person\\\/171adf94311a3bde603a14704a982329\"},\"headline\":\"Garage organis\u00e9 : transformation d&rsquo;une cave \u00e0 Lugano en un espace multifonctionnel\",\"datePublished\":\"2025-04-07T07:00:36+00:00\",\"dateModified\":\"2025-09-02T07:44:29+00:00\",\"mainEntityOfPage\":{\"@id\":\"https:\\\/\\\/www.garagemania.ch\\\/fr\\\/garage-organise-transformation-dune-cave-a-lugano-en-un-espace-multifonctionnel\\\/\"},\"wordCount\":476,\"commentCount\":0,\"publisher\":{\"@id\":\"https:\\\/\\\/www.garagemania.ch\\\/fr\\\/#organization\"},\"image\":{\"@id\":\"https:\\\/\\\/www.garagemania.ch\\\/fr\\\/garage-organise-transformation-dune-cave-a-lugano-en-un-espace-multifonctionnel\\\/#primaryimage\"},\"thumbnailUrl\":\"https:\\\/\\\/www.garagemania.ch\\\/wp-content\\\/uploads\\\/2025\\\/03\\\/garage-organizzato.jpg\",\"articleSection\":[\"Am\u00e9nagement garage\",\"Projets\"],\"inLanguage\":\"fr-FR\",\"potentialAction\":[{\"@type\":\"CommentAction\",\"name\":\"Comment\",\"target\":[\"https:\\\/\\\/www.garagemania.ch\\\/fr\\\/garage-organise-transformation-dune-cave-a-lugano-en-un-espace-multifonctionnel\\\/#respond\"]}]},{\"@type\":\"WebPage\",\"@id\":\"https:\\\/\\\/www.garagemania.ch\\\/fr\\\/garage-organise-transformation-dune-cave-a-lugano-en-un-espace-multifonctionnel\\\/\",\"url\":\"https:\\\/\\\/www.garagemania.ch\\\/fr\\\/garage-organise-transformation-dune-cave-a-lugano-en-un-espace-multifonctionnel\\\/\",\"name\":\"Garage organis\u00e9 : Cave transform\u00e9e \u00e0 Lugano | La manie des garages\",\"isPartOf\":{\"@id\":\"https:\\\/\\\/www.garagemania.ch\\\/fr\\\/#website\"},\"primaryImageOfPage\":{\"@id\":\"https:\\\/\\\/www.garagemania.ch\\\/fr\\\/garage-organise-transformation-dune-cave-a-lugano-en-un-espace-multifonctionnel\\\/#primaryimage\"},\"image\":{\"@id\":\"https:\\\/\\\/www.garagemania.ch\\\/fr\\\/garage-organise-transformation-dune-cave-a-lugano-en-un-espace-multifonctionnel\\\/#primaryimage\"},\"thumbnailUrl\":\"https:\\\/\\\/www.garagemania.ch\\\/wp-content\\\/uploads\\\/2025\\\/03\\\/garage-organizzato.jpg\",\"datePublished\":\"2025-04-07T07:00:36+00:00\",\"dateModified\":\"2025-09-02T07:44:29+00:00\",\"description\":\"Garage Mania transforme une cave de 15 m2 \u00e0 Lugano en un garage organis\u00e9 multifonctionnel avec les solutions Gladiator. D\u00e9couvrez comment optimiser votre espace !\",\"breadcrumb\":{\"@id\":\"https:\\\/\\\/www.garagemania.ch\\\/fr\\\/garage-organise-transformation-dune-cave-a-lugano-en-un-espace-multifonctionnel\\\/#breadcrumb\"},\"inLanguage\":\"fr-FR\",\"potentialAction\":[{\"@type\":\"ReadAction\",\"target\":[\"https:\\\/\\\/www.garagemania.ch\\\/fr\\\/garage-organise-transformation-dune-cave-a-lugano-en-un-espace-multifonctionnel\\\/\"]}]},{\"@type\":\"ImageObject\",\"inLanguage\":\"fr-FR\",\"@id\":\"https:\\\/\\\/www.garagemania.ch\\\/fr\\\/garage-organise-transformation-dune-cave-a-lugano-en-un-espace-multifonctionnel\\\/#primaryimage\",\"url\":\"https:\\\/\\\/www.garagemania.ch\\\/wp-content\\\/uploads\\\/2025\\\/03\\\/garage-organizzato.jpg\",\"contentUrl\":\"https:\\\/\\\/www.garagemania.ch\\\/wp-content\\\/uploads\\\/2025\\\/03\\\/garage-organizzato.jpg\",\"width\":1000,\"height\":667},{\"@type\":\"BreadcrumbList\",\"@id\":\"https:\\\/\\\/www.garagemania.ch\\\/fr\\\/garage-organise-transformation-dune-cave-a-lugano-en-un-espace-multifonctionnel\\\/#breadcrumb\",\"itemListElement\":[{\"@type\":\"ListItem\",\"position\":1,\"name\":\"Home\",\"item\":\"https:\\\/\\\/www.garagemania.ch\\\/fr\\\/homepage\\\/\"},{\"@type\":\"ListItem\",\"position\":2,\"name\":\"Garage organis\u00e9 : transformation d&#8217;une cave \u00e0 Lugano en un espace multifonctionnel\"}]},{\"@type\":\"WebSite\",\"@id\":\"https:\\\/\\\/www.garagemania.ch\\\/fr\\\/#website\",\"url\":\"https:\\\/\\\/www.garagemania.ch\\\/fr\\\/\",\"name\":\"Garage Mania\",\"description\":\"Il luogo ideale per tutti coloro che vogliono un garage super esclusivo\",\"publisher\":{\"@id\":\"https:\\\/\\\/www.garagemania.ch\\\/fr\\\/#organization\"},\"potentialAction\":[{\"@type\":\"SearchAction\",\"target\":{\"@type\":\"EntryPoint\",\"urlTemplate\":\"https:\\\/\\\/www.garagemania.ch\\\/fr\\\/?s={search_term_string}\"},\"query-input\":{\"@type\":\"PropertyValueSpecification\",\"valueRequired\":true,\"valueName\":\"search_term_string\"}}],\"inLanguage\":\"fr-FR\"},{\"@type\":\"Organization\",\"@id\":\"https:\\\/\\\/www.garagemania.ch\\\/fr\\\/#organization\",\"name\":\"GLADIATOR WORX SAGL\",\"url\":\"https:\\\/\\\/www.garagemania.ch\\\/fr\\\/\",\"logo\":{\"@type\":\"ImageObject\",\"inLanguage\":\"fr-FR\",\"@id\":\"https:\\\/\\\/www.garagemania.ch\\\/fr\\\/#\\\/schema\\\/logo\\\/image\\\/\",\"url\":\"https:\\\/\\\/www.garagemania.ch\\\/wp-content\\\/uploads\\\/2021\\\/03\\\/Logo-Garage-Mania.png\",\"contentUrl\":\"https:\\\/\\\/www.garagemania.ch\\\/wp-content\\\/uploads\\\/2021\\\/03\\\/Logo-Garage-Mania.png\",\"width\":300,\"height\":282,\"caption\":\"GLADIATOR WORX SAGL\"},\"image\":{\"@id\":\"https:\\\/\\\/www.garagemania.ch\\\/fr\\\/#\\\/schema\\\/logo\\\/image\\\/\"},\"sameAs\":[\"https:\\\/\\\/www.facebook.com\\\/garagemania.it\\\/\",\"https:\\\/\\\/www.instagram.com\\\/garagemania.it\\\/\"]},{\"@type\":\"Person\",\"@id\":\"https:\\\/\\\/www.garagemania.ch\\\/fr\\\/#\\\/schema\\\/person\\\/171adf94311a3bde603a14704a982329\",\"name\":\"Ufficio Stampa\",\"image\":{\"@type\":\"ImageObject\",\"inLanguage\":\"fr-FR\",\"@id\":\"https:\\\/\\\/secure.gravatar.com\\\/avatar\\\/c76bd8c666ec8fe7bb1550bb53e2af4b7780dcaed89f7a6526236c2ed1f63b95?s=96&d=mm&r=g\",\"url\":\"https:\\\/\\\/secure.gravatar.com\\\/avatar\\\/c76bd8c666ec8fe7bb1550bb53e2af4b7780dcaed89f7a6526236c2ed1f63b95?s=96&d=mm&r=g\",\"contentUrl\":\"https:\\\/\\\/secure.gravatar.com\\\/avatar\\\/c76bd8c666ec8fe7bb1550bb53e2af4b7780dcaed89f7a6526236c2ed1f63b95?s=96&d=mm&r=g\",\"caption\":\"Ufficio Stampa\"},\"url\":\"https:\\\/\\\/www.garagemania.ch\\\/fr\\\/author\\\/ideesol\\\/\"}]}<\/script>\n<!-- \/ Yoast SEO Premium plugin. -->","yoast_head_json":{"title":"Garage organis\u00e9 : Cave transform\u00e9e \u00e0 Lugano | La manie des garages","description":"Garage Mania transforme une cave de 15 m2 \u00e0 Lugano en un garage organis\u00e9 multifonctionnel avec les solutions Gladiator. D\u00e9couvrez comment optimiser votre espace !","robots":{"index":"index","follow":"follow","max-snippet":"max-snippet:-1","max-image-preview":"max-image-preview:large","max-video-preview":"max-video-preview:-1"},"canonical":"https:\/\/www.garagemania.ch\/fr\/garage-organise-transformation-dune-cave-a-lugano-en-un-espace-multifonctionnel\/","og_locale":"fr_FR","og_type":"article","og_title":"Garage organis\u00e9 : transformation d'une cave \u00e0 Lugano en un espace multifonctionnel","og_description":"Garage Mania transforme une cave de 15 m2 \u00e0 Lugano en un garage organis\u00e9 multifonctionnel avec les solutions Gladiator. D\u00e9couvrez comment optimiser votre espace !","og_url":"https:\/\/www.garagemania.ch\/fr\/garage-organise-transformation-dune-cave-a-lugano-en-un-espace-multifonctionnel\/","og_site_name":"Garage Mania","article_publisher":"https:\/\/www.facebook.com\/garagemania.it\/","article_published_time":"2025-04-07T07:00:36+00:00","article_modified_time":"2025-09-02T07:44:29+00:00","og_image":[{"width":1000,"height":667,"url":"https:\/\/www.garagemania.ch\/wp-content\/uploads\/2025\/03\/garage-organizzato.jpg","type":"image\/jpeg"}],"author":"Ufficio Stampa","twitter_card":"summary_large_image","twitter_misc":{"\u00c9crit par":"Ufficio Stampa","Dur\u00e9e de lecture estim\u00e9e":"2 minutes"},"schema":{"@context":"https:\/\/schema.org","@graph":[{"@type":"Article","@id":"https:\/\/www.garagemania.ch\/fr\/garage-organise-transformation-dune-cave-a-lugano-en-un-espace-multifonctionnel\/#article","isPartOf":{"@id":"https:\/\/www.garagemania.ch\/fr\/garage-organise-transformation-dune-cave-a-lugano-en-un-espace-multifonctionnel\/"},"author":{"name":"Ufficio Stampa","@id":"https:\/\/www.garagemania.ch\/fr\/#\/schema\/person\/171adf94311a3bde603a14704a982329"},"headline":"Garage organis\u00e9 : transformation d&rsquo;une cave \u00e0 Lugano en un espace multifonctionnel","datePublished":"2025-04-07T07:00:36+00:00","dateModified":"2025-09-02T07:44:29+00:00","mainEntityOfPage":{"@id":"https:\/\/www.garagemania.ch\/fr\/garage-organise-transformation-dune-cave-a-lugano-en-un-espace-multifonctionnel\/"},"wordCount":476,"commentCount":0,"publisher":{"@id":"https:\/\/www.garagemania.ch\/fr\/#organization"},"image":{"@id":"https:\/\/www.garagemania.ch\/fr\/garage-organise-transformation-dune-cave-a-lugano-en-un-espace-multifonctionnel\/#primaryimage"},"thumbnailUrl":"https:\/\/www.garagemania.ch\/wp-content\/uploads\/2025\/03\/garage-organizzato.jpg","articleSection":["Am\u00e9nagement garage","Projets"],"inLanguage":"fr-FR","potentialAction":[{"@type":"CommentAction","name":"Comment","target":["https:\/\/www.garagemania.ch\/fr\/garage-organise-transformation-dune-cave-a-lugano-en-un-espace-multifonctionnel\/#respond"]}]},{"@type":"WebPage","@id":"https:\/\/www.garagemania.ch\/fr\/garage-organise-transformation-dune-cave-a-lugano-en-un-espace-multifonctionnel\/","url":"https:\/\/www.garagemania.ch\/fr\/garage-organise-transformation-dune-cave-a-lugano-en-un-espace-multifonctionnel\/","name":"Garage organis\u00e9 : Cave transform\u00e9e \u00e0 Lugano | La manie des garages","isPartOf":{"@id":"https:\/\/www.garagemania.ch\/fr\/#website"},"primaryImageOfPage":{"@id":"https:\/\/www.garagemania.ch\/fr\/garage-organise-transformation-dune-cave-a-lugano-en-un-espace-multifonctionnel\/#primaryimage"},"image":{"@id":"https:\/\/www.garagemania.ch\/fr\/garage-organise-transformation-dune-cave-a-lugano-en-un-espace-multifonctionnel\/#primaryimage"},"thumbnailUrl":"https:\/\/www.garagemania.ch\/wp-content\/uploads\/2025\/03\/garage-organizzato.jpg","datePublished":"2025-04-07T07:00:36+00:00","dateModified":"2025-09-02T07:44:29+00:00","description":"Garage Mania transforme une cave de 15 m2 \u00e0 Lugano en un garage organis\u00e9 multifonctionnel avec les solutions Gladiator. D\u00e9couvrez comment optimiser votre espace !","breadcrumb":{"@id":"https:\/\/www.garagemania.ch\/fr\/garage-organise-transformation-dune-cave-a-lugano-en-un-espace-multifonctionnel\/#breadcrumb"},"inLanguage":"fr-FR","potentialAction":[{"@type":"ReadAction","target":["https:\/\/www.garagemania.ch\/fr\/garage-organise-transformation-dune-cave-a-lugano-en-un-espace-multifonctionnel\/"]}]},{"@type":"ImageObject","inLanguage":"fr-FR","@id":"https:\/\/www.garagemania.ch\/fr\/garage-organise-transformation-dune-cave-a-lugano-en-un-espace-multifonctionnel\/#primaryimage","url":"https:\/\/www.garagemania.ch\/wp-content\/uploads\/2025\/03\/garage-organizzato.jpg","contentUrl":"https:\/\/www.garagemania.ch\/wp-content\/uploads\/2025\/03\/garage-organizzato.jpg","width":1000,"height":667},{"@type":"BreadcrumbList","@id":"https:\/\/www.garagemania.ch\/fr\/garage-organise-transformation-dune-cave-a-lugano-en-un-espace-multifonctionnel\/#breadcrumb","itemListElement":[{"@type":"ListItem","position":1,"name":"Home","item":"https:\/\/www.garagemania.ch\/fr\/homepage\/"},{"@type":"ListItem","position":2,"name":"Garage organis\u00e9 : transformation d&#8217;une cave \u00e0 Lugano en un espace multifonctionnel"}]},{"@type":"WebSite","@id":"https:\/\/www.garagemania.ch\/fr\/#website","url":"https:\/\/www.garagemania.ch\/fr\/","name":"Garage Mania","description":"Il luogo ideale per tutti coloro che vogliono un garage super esclusivo","publisher":{"@id":"https:\/\/www.garagemania.ch\/fr\/#organization"},"potentialAction":[{"@type":"SearchAction","target":{"@type":"EntryPoint","urlTemplate":"https:\/\/www.garagemania.ch\/fr\/?s={search_term_string}"},"query-input":{"@type":"PropertyValueSpecification","valueRequired":true,"valueName":"search_term_string"}}],"inLanguage":"fr-FR"},{"@type":"Organization","@id":"https:\/\/www.garagemania.ch\/fr\/#organization","name":"GLADIATOR WORX SAGL","url":"https:\/\/www.garagemania.ch\/fr\/","logo":{"@type":"ImageObject","inLanguage":"fr-FR","@id":"https:\/\/www.garagemania.ch\/fr\/#\/schema\/logo\/image\/","url":"https:\/\/www.garagemania.ch\/wp-content\/uploads\/2021\/03\/Logo-Garage-Mania.png","contentUrl":"https:\/\/www.garagemania.ch\/wp-content\/uploads\/2021\/03\/Logo-Garage-Mania.png","width":300,"height":282,"caption":"GLADIATOR WORX SAGL"},"image":{"@id":"https:\/\/www.garagemania.ch\/fr\/#\/schema\/logo\/image\/"},"sameAs":["https:\/\/www.facebook.com\/garagemania.it\/","https:\/\/www.instagram.com\/garagemania.it\/"]},{"@type":"Person","@id":"https:\/\/www.garagemania.ch\/fr\/#\/schema\/person\/171adf94311a3bde603a14704a982329","name":"Ufficio Stampa","image":{"@type":"ImageObject","inLanguage":"fr-FR","@id":"https:\/\/secure.gravatar.com\/avatar\/c76bd8c666ec8fe7bb1550bb53e2af4b7780dcaed89f7a6526236c2ed1f63b95?s=96&d=mm&r=g","url":"https:\/\/secure.gravatar.com\/avatar\/c76bd8c666ec8fe7bb1550bb53e2af4b7780dcaed89f7a6526236c2ed1f63b95?s=96&d=mm&r=g","contentUrl":"https:\/\/secure.gravatar.com\/avatar\/c76bd8c666ec8fe7bb1550bb53e2af4b7780dcaed89f7a6526236c2ed1f63b95?s=96&d=mm&r=g","caption":"Ufficio Stampa"},"url":"https:\/\/www.garagemania.ch\/fr\/author\/ideesol\/"}]}},"_links":{"self":[{"href":"https:\/\/www.garagemania.ch\/fr\/wp-json\/wp\/v2\/posts\/16830","targetHints":{"allow":["GET"]}}],"collection":[{"href":"https:\/\/www.garagemania.ch\/fr\/wp-json\/wp\/v2\/posts"}],"about":[{"href":"https:\/\/www.garagemania.ch\/fr\/wp-json\/wp\/v2\/types\/post"}],"author":[{"embeddable":true,"href":"https:\/\/www.garagemania.ch\/fr\/wp-json\/wp\/v2\/users\/2"}],"replies":[{"embeddable":true,"href":"https:\/\/www.garagemania.ch\/fr\/wp-json\/wp\/v2\/comments?post=16830"}],"version-history":[{"count":1,"href":"https:\/\/www.garagemania.ch\/fr\/wp-json\/wp\/v2\/posts\/16830\/revisions"}],"predecessor-version":[{"id":16831,"href":"https:\/\/www.garagemania.ch\/fr\/wp-json\/wp\/v2\/posts\/16830\/revisions\/16831"}],"wp:featuredmedia":[{"embeddable":true,"href":"https:\/\/www.garagemania.ch\/fr\/wp-json\/wp\/v2\/media\/16817"}],"wp:attachment":[{"href":"https:\/\/www.garagemania.ch\/fr\/wp-json\/wp\/v2\/media?parent=16830"}],"wp:term":[{"taxonomy":"category","embeddable":true,"href":"https:\/\/www.garagemania.ch\/fr\/wp-json\/wp\/v2\/categories?post=16830"},{"taxonomy":"post_tag","embeddable":true,"href":"https:\/\/www.garagemania.ch\/fr\/wp-json\/wp\/v2\/tags?post=16830"}],"curies":[{"name":"wp","href":"https:\/\/api.w.org\/{rel}","templated":true}]}}