{"id":17117,"date":"2025-09-08T08:00:13","date_gmt":"2025-09-08T06:00:13","guid":{"rendered":"https:\/\/www.garagemania.ch\/le-garage-de-reve-pour-les-amateurs-de-jardinage-organisez-creez-et-cultivez-avec-garage-mania\/"},"modified":"2025-12-01T14:21:35","modified_gmt":"2025-12-01T13:21:35","slug":"le-garage-de-reve-pour-les-amateurs-de-jardinage-organisez-creez-et-cultivez-avec-garage-mania","status":"publish","type":"post","link":"https:\/\/www.garagemania.ch\/fr\/le-garage-de-reve-pour-les-amateurs-de-jardinage-organisez-creez-et-cultivez-avec-garage-mania\/","title":{"rendered":"Le garage de r\u00eave pour les amateurs de jardinage : organisez, cr\u00e9ez et cultivez avec Garage Mania"},"content":{"rendered":"\t\t<div data-elementor-type=\"wp-post\" data-elementor-id=\"17117\" class=\"elementor elementor-17117 elementor-17093\" data-elementor-post-type=\"post\">\n\t\t\t\t<div class=\"elementor-element elementor-element-a814cc2 e-flex e-con-boxed e-con e-parent\" data-id=\"a814cc2\" data-element_type=\"container\" data-e-type=\"container\">\n\t\t\t\t\t<div class=\"e-con-inner\">\n\t\t\t\t<div class=\"elementor-element elementor-element-a8b33d0 elementor-widget elementor-widget-text-editor\" data-id=\"a8b33d0\" data-element_type=\"widget\" data-e-type=\"widget\" data-widget_type=\"text-editor.default\">\n\t\t\t\t<div class=\"elementor-widget-container\">\n\t\t\t\t\t\t\t\t\t<p>Si vous faites partie de ceux qui ont h\u00e2te de passer le week-end les mains dans la terre, \u00e0 planter des fleurs ou simplement \u00e0 prendre soin de votre coin de verdure, alors cet article est fait pour vous.<\/p>\n<p>Vous \u00eates-vous d\u00e9j\u00e0 demand\u00e9 comment faire de votre garage l&rsquo;endroit id\u00e9al pour ranger tous ces outils, pots, sacs de terreau et petits secrets de jardinier sans avoir \u00e0 fouiller dans des cartons et \u00e0 dupliquer des tournevis \u00e0 chaque fois ? Spoiler : la r\u00e9ponse s&rsquo;appelle Garage Mania.<\/p>\n\t\t\t\t\t\t\t\t<\/div>\n\t\t\t\t<\/div>\n\t\t\t\t<div class=\"elementor-element elementor-element-ce65175 elementor-widget elementor-widget-heading\" data-id=\"ce65175\" data-element_type=\"widget\" data-e-type=\"widget\" data-widget_type=\"heading.default\">\n\t\t\t\t<div class=\"elementor-widget-container\">\n\t\t\t\t\t<h2 class=\"elementor-heading-title elementor-size-default\">Transformez votre garage en une oasis verte<\/h2>\t\t\t\t<\/div>\n\t\t\t\t<\/div>\n\t\t\t\t<div class=\"elementor-element elementor-element-7a4ce0e elementor-widget elementor-widget-text-editor\" data-id=\"7a4ce0e\" data-element_type=\"widget\" data-e-type=\"widget\" data-widget_type=\"text-editor.default\">\n\t\t\t\t<div class=\"elementor-widget-container\">\n\t\t\t\t\t\t\t\t\t<p>Le garage est souvent consid\u00e9r\u00e9 comme un simple d\u00e9barras ou, dans le pire des cas, comme une d\u00e9charge temporaire. Pourtant, avec un peu d&rsquo;organisation et les bons produits, il peut devenir le quartier g\u00e9n\u00e9ral id\u00e9al pour votre passe temps favori. Une sorte de \u00ab coulisses \u00bb merveilleuses o\u00f9 chaque chose a sa\u00a0 \u00a0place et o\u00f9 vous pouvez tout trouver du premier coup.<\/p>\n\t\t\t\t\t\t\t\t<\/div>\n\t\t\t\t<\/div>\n\t\t\t\t\t<\/div>\n\t\t\t\t<\/div>\n\t\t<div class=\"elementor-element elementor-element-d42ce8d e-flex e-con-boxed e-con e-parent\" data-id=\"d42ce8d\" data-element_type=\"container\" data-e-type=\"container\">\n\t\t\t\t\t<div class=\"e-con-inner\">\n\t\t<div class=\"elementor-element elementor-element-52f36bf e-con-full e-flex e-con e-child\" data-id=\"52f36bf\" data-element_type=\"container\" data-e-type=\"container\">\n\t\t\t\t<div class=\"elementor-element elementor-element-a1f397b elementor-widget elementor-widget-image\" data-id=\"a1f397b\" data-element_type=\"widget\" data-e-type=\"widget\" data-widget_type=\"image.default\">\n\t\t\t\t<div class=\"elementor-widget-container\">\n\t\t\t\t\t\t\t\t\t\t\t\t\t\t\t<img fetchpriority=\"high\" decoding=\"async\" width=\"650\" height=\"650\" src=\"https:\/\/www.garagemania.ch\/wp-content\/uploads\/2025\/09\/armadio-garage-mania.jpg\" class=\"attachment-full size-full wp-image-17097\" alt=\"\" srcset=\"https:\/\/www.garagemania.ch\/wp-content\/uploads\/2025\/09\/armadio-garage-mania.jpg 650w, https:\/\/www.garagemania.ch\/wp-content\/uploads\/2025\/09\/armadio-garage-mania-400x400.jpg 400w, https:\/\/www.garagemania.ch\/wp-content\/uploads\/2025\/09\/armadio-garage-mania-170x170.jpg 170w, https:\/\/www.garagemania.ch\/wp-content\/uploads\/2025\/09\/armadio-garage-mania-300x300.jpg 300w, https:\/\/www.garagemania.ch\/wp-content\/uploads\/2025\/09\/armadio-garage-mania-600x600.jpg 600w, https:\/\/www.garagemania.ch\/wp-content\/uploads\/2025\/09\/armadio-garage-mania-100x100.jpg 100w, https:\/\/www.garagemania.ch\/wp-content\/uploads\/2025\/09\/armadio-garage-mania-32x32.jpg 32w\" sizes=\"(max-width: 650px) 100vw, 650px\" \/>\t\t\t\t\t\t\t\t\t\t\t\t\t\t\t<\/div>\n\t\t\t\t<\/div>\n\t\t\t\t<\/div>\n\t\t<div class=\"elementor-element elementor-element-e4ac9ec e-con-full e-flex e-con e-child\" data-id=\"e4ac9ec\" data-element_type=\"container\" data-e-type=\"container\">\n\t\t\t\t<div class=\"elementor-element elementor-element-4e7caf9 elementor-widget elementor-widget-heading\" data-id=\"4e7caf9\" data-element_type=\"widget\" data-e-type=\"widget\" data-widget_type=\"heading.default\">\n\t\t\t\t<div class=\"elementor-widget-container\">\n\t\t\t\t\t<h2 class=\"elementor-heading-title elementor-size-default\">Armoires : le mur de sout\u00e8nement de votre verdure<\/h2>\t\t\t\t<\/div>\n\t\t\t\t<\/div>\n\t\t\t\t<div class=\"elementor-element elementor-element-fddebc3 elementor-widget elementor-widget-text-editor\" data-id=\"fddebc3\" data-element_type=\"widget\" data-e-type=\"widget\" data-widget_type=\"text-editor.default\">\n\t\t\t\t<div class=\"elementor-widget-container\">\n\t\t\t\t\t\t\t\t\t<p>Ne sous-estimez pas la puissance d&rsquo;une armoire bien con\u00e7ue. Les armoires disponibles chez Garage Mania sont r\u00e9sistantes, spacieuses et con\u00e7ues pour durer dans le temps. Elles sont parfaites pour ranger des pots de diff\u00e9rentes tailles, des sacs de terre et des outils lourds sans craindre de les ab\u00eemer. Elles sont con\u00e7ues pour r\u00e9sister \u00e0 l&rsquo;humidit\u00e9, une condition qui n&rsquo;est pas rare \u00e0 proximit\u00e9 du jardin.<\/p>\n\t\t\t\t\t\t\t\t<\/div>\n\t\t\t\t<\/div>\n\t\t\t\t<div class=\"elementor-element elementor-element-25522ee elementor-mobile-align-justify elementor-widget elementor-widget-button\" data-id=\"25522ee\" data-element_type=\"widget\" data-e-type=\"widget\" data-widget_type=\"button.default\">\n\t\t\t\t<div class=\"elementor-widget-container\">\n\t\t\t\t\t\t\t\t\t<div class=\"elementor-button-wrapper\">\n\t\t\t\t\t<a class=\"elementor-button elementor-button-link elementor-size-sm\" href=\"https:\/\/www.garagemania.ch\/fr\/cat\u00e9gorie-de-produit\/armoires\/\" target=\"_blank\">\n\t\t\t\t\t\t<span class=\"elementor-button-content-wrapper\">\n\t\t\t\t\t\t\t\t\t<span class=\"elementor-button-text\">D\u00e9couvrez toutes nos armoires<\/span>\n\t\t\t\t\t<\/span>\n\t\t\t\t\t<\/a>\n\t\t\t\t<\/div>\n\t\t\t\t\t\t\t\t<\/div>\n\t\t\t\t<\/div>\n\t\t\t\t<\/div>\n\t\t\t\t\t<\/div>\n\t\t\t\t<\/div>\n\t\t<div class=\"elementor-element elementor-element-af9f5ad e-flex e-con-boxed e-con e-parent\" data-id=\"af9f5ad\" data-element_type=\"container\" data-e-type=\"container\">\n\t\t\t\t\t<div class=\"e-con-inner\">\n\t\t<div class=\"elementor-element elementor-element-5cd2878 e-con-full e-flex e-con e-child\" data-id=\"5cd2878\" data-element_type=\"container\" data-e-type=\"container\">\n\t\t\t\t<div class=\"elementor-element elementor-element-df60de7 elementor-widget elementor-widget-heading\" data-id=\"df60de7\" data-element_type=\"widget\" data-e-type=\"widget\" data-widget_type=\"heading.default\">\n\t\t\t\t<div class=\"elementor-widget-container\">\n\t\t\t\t\t<h2 class=\"elementor-heading-title elementor-size-default\">Armoires et tiroirs : le tr\u00e9sor des petits outils (mais indispensables)<\/h2>\t\t\t\t<\/div>\n\t\t\t\t<\/div>\n\t\t\t\t<div class=\"elementor-element elementor-element-48b7c59 elementor-widget elementor-widget-text-editor\" data-id=\"48b7c59\" data-element_type=\"widget\" data-e-type=\"widget\" data-widget_type=\"text-editor.default\">\n\t\t\t\t<div class=\"elementor-widget-container\">\n\t\t\t\t\t\t\t\t\t<p>Le drame du jardinage r\u00e9side souvent dans les petits outils : ciseaux, gants, petites pelles ou tubes d&rsquo;engrais. Si vous ne les organisez pas correctement, ils finissent toujours par s&rsquo;\u00e9parpiller et se perdre myst\u00e9rieusement. C&rsquo;est pourquoi une armoire \u00e0 tiroirs, peut-\u00eatre m\u00eame modulable, est votre alli\u00e9e num\u00e9ro un pour tout garder en ordre, \u00e0 port\u00e9e de vue et facile d&rsquo;acc\u00e8s.<\/p>\n\t\t\t\t\t\t\t\t<\/div>\n\t\t\t\t<\/div>\n\t\t\t\t<div class=\"elementor-element elementor-element-e9a5f2f elementor-mobile-align-justify elementor-widget elementor-widget-button\" data-id=\"e9a5f2f\" data-element_type=\"widget\" data-e-type=\"widget\" data-widget_type=\"button.default\">\n\t\t\t\t<div class=\"elementor-widget-container\">\n\t\t\t\t\t\t\t\t\t<div class=\"elementor-button-wrapper\">\n\t\t\t\t\t<a class=\"elementor-button elementor-button-link elementor-size-sm\" href=\"https:\/\/www.garagemania.ch\/fr\/cat\u00e9gorie-de-produit\/petites-armoires\/\" target=\"_blank\">\n\t\t\t\t\t\t<span class=\"elementor-button-content-wrapper\">\n\t\t\t\t\t\t\t\t\t<span class=\"elementor-button-text\">D\u00e9couvrez tous les casiers<\/span>\n\t\t\t\t\t<\/span>\n\t\t\t\t\t<\/a>\n\t\t\t\t<\/div>\n\t\t\t\t\t\t\t\t<\/div>\n\t\t\t\t<\/div>\n\t\t\t\t<\/div>\n\t\t<div class=\"elementor-element elementor-element-22f2a26 e-con-full e-flex e-con e-child\" data-id=\"22f2a26\" data-element_type=\"container\" data-e-type=\"container\">\n\t\t\t\t<div class=\"elementor-element elementor-element-bb0caa6 elementor-widget elementor-widget-image\" data-id=\"bb0caa6\" data-element_type=\"widget\" data-e-type=\"widget\" data-widget_type=\"image.default\">\n\t\t\t\t<div class=\"elementor-widget-container\">\n\t\t\t\t\t\t\t\t\t\t\t\t\t\t\t<img decoding=\"async\" width=\"650\" height=\"650\" src=\"https:\/\/www.garagemania.ch\/wp-content\/uploads\/2025\/09\/armadietto-garage-mania.jpg\" class=\"attachment-full size-full wp-image-17100\" alt=\"\" srcset=\"https:\/\/www.garagemania.ch\/wp-content\/uploads\/2025\/09\/armadietto-garage-mania.jpg 650w, https:\/\/www.garagemania.ch\/wp-content\/uploads\/2025\/09\/armadietto-garage-mania-400x400.jpg 400w, https:\/\/www.garagemania.ch\/wp-content\/uploads\/2025\/09\/armadietto-garage-mania-170x170.jpg 170w, https:\/\/www.garagemania.ch\/wp-content\/uploads\/2025\/09\/armadietto-garage-mania-300x300.jpg 300w, https:\/\/www.garagemania.ch\/wp-content\/uploads\/2025\/09\/armadietto-garage-mania-600x600.jpg 600w, https:\/\/www.garagemania.ch\/wp-content\/uploads\/2025\/09\/armadietto-garage-mania-100x100.jpg 100w, https:\/\/www.garagemania.ch\/wp-content\/uploads\/2025\/09\/armadietto-garage-mania-32x32.jpg 32w\" sizes=\"(max-width: 650px) 100vw, 650px\" \/>\t\t\t\t\t\t\t\t\t\t\t\t\t\t\t<\/div>\n\t\t\t\t<\/div>\n\t\t\t\t<\/div>\n\t\t\t\t\t<\/div>\n\t\t\t\t<\/div>\n\t\t<div class=\"elementor-element elementor-element-be7acb5 e-flex e-con-boxed e-con e-parent\" data-id=\"be7acb5\" data-element_type=\"container\" data-e-type=\"container\">\n\t\t\t\t\t<div class=\"e-con-inner\">\n\t\t\t\t<div class=\"elementor-element elementor-element-bb8e906 elementor-widget elementor-widget-heading\" data-id=\"bb8e906\" data-element_type=\"widget\" data-e-type=\"widget\" data-widget_type=\"heading.default\">\n\t\t\t\t<div class=\"elementor-widget-container\">\n\t\t\t\t\t<h2 class=\"elementor-heading-title elementor-size-default\">Tables de travail : le c\u0153ur battant du garage<\/h2>\t\t\t\t<\/div>\n\t\t\t\t<\/div>\n\t\t\t\t<div class=\"elementor-element elementor-element-39c1cd6 elementor-widget elementor-widget-text-editor\" data-id=\"39c1cd6\" data-element_type=\"widget\" data-e-type=\"widget\" data-widget_type=\"text-editor.default\">\n\t\t\t\t<div class=\"elementor-widget-container\">\n\t\t\t\t\t\t\t\t\t<p>Une bonne surface de travail est essentielle si vous souhaitez vous consacrer s\u00e9rieusement au jardinage. Les tables Garage Mania sont robustes, stables et con\u00e7ues pour durer longtemps. Certaines sont \u00e9quip\u00e9es de roulettes et de freins pour les d\u00e9placer o\u00f9 vous le souhaitez et les immobiliser en toute s\u00e9curit\u00e9, d&rsquo;autres sont dot\u00e9es de pieds r\u00e9glables pour rester parfaitement droites m\u00eame sur des surfaces qui ne sont pas tout \u00e0 fait planes. Imaginez-vous en train de rempoter, de tailler ou simplement de travailler confortablement sans vous pencher, votre corps vous en remerciera !<\/p>\n\t\t\t\t\t\t\t\t<\/div>\n\t\t\t\t<\/div>\n\t\t\t\t<div class=\"elementor-element elementor-element-8f3380a elementor-widget elementor-widget-image\" data-id=\"8f3380a\" data-element_type=\"widget\" data-e-type=\"widget\" data-widget_type=\"image.default\">\n\t\t\t\t<div class=\"elementor-widget-container\">\n\t\t\t\t\t\t\t\t\t\t\t\t\t\t\t<img decoding=\"async\" width=\"1000\" height=\"600\" src=\"https:\/\/www.garagemania.ch\/wp-content\/uploads\/2025\/09\/tavolo-da-lavoro-garage-mania.jpg\" class=\"attachment-full size-full wp-image-17103\" alt=\"\" srcset=\"https:\/\/www.garagemania.ch\/wp-content\/uploads\/2025\/09\/tavolo-da-lavoro-garage-mania.jpg 1000w, https:\/\/www.garagemania.ch\/wp-content\/uploads\/2025\/09\/tavolo-da-lavoro-garage-mania-400x240.jpg 400w, https:\/\/www.garagemania.ch\/wp-content\/uploads\/2025\/09\/tavolo-da-lavoro-garage-mania-768x461.jpg 768w, https:\/\/www.garagemania.ch\/wp-content\/uploads\/2025\/09\/tavolo-da-lavoro-garage-mania-600x360.jpg 600w\" sizes=\"(max-width: 1000px) 100vw, 1000px\" \/>\t\t\t\t\t\t\t\t\t\t\t\t\t\t\t<\/div>\n\t\t\t\t<\/div>\n\t\t\t\t\t<\/div>\n\t\t\t\t<\/div>\n\t\t<div class=\"elementor-element elementor-element-91da804 e-flex e-con-boxed e-con e-parent\" data-id=\"91da804\" data-element_type=\"container\" data-e-type=\"container\">\n\t\t\t\t\t<div class=\"e-con-inner\">\n\t\t<div class=\"elementor-element elementor-element-6349440 e-con-full e-flex e-con e-child\" data-id=\"6349440\" data-element_type=\"container\" data-e-type=\"container\">\n\t\t\t\t<div class=\"elementor-element elementor-element-726c250 elementor-widget elementor-widget-image\" data-id=\"726c250\" data-element_type=\"widget\" data-e-type=\"widget\" data-widget_type=\"image.default\">\n\t\t\t\t<div class=\"elementor-widget-container\">\n\t\t\t\t\t\t\t\t\t\t\t\t\t\t\t<img fetchpriority=\"high\" decoding=\"async\" width=\"650\" height=\"650\" src=\"https:\/\/www.garagemania.ch\/wp-content\/uploads\/2025\/09\/armadio-garage-mania.jpg\" class=\"attachment-full size-full wp-image-17097\" alt=\"\" srcset=\"https:\/\/www.garagemania.ch\/wp-content\/uploads\/2025\/09\/armadio-garage-mania.jpg 650w, https:\/\/www.garagemania.ch\/wp-content\/uploads\/2025\/09\/armadio-garage-mania-400x400.jpg 400w, https:\/\/www.garagemania.ch\/wp-content\/uploads\/2025\/09\/armadio-garage-mania-170x170.jpg 170w, https:\/\/www.garagemania.ch\/wp-content\/uploads\/2025\/09\/armadio-garage-mania-300x300.jpg 300w, https:\/\/www.garagemania.ch\/wp-content\/uploads\/2025\/09\/armadio-garage-mania-600x600.jpg 600w, https:\/\/www.garagemania.ch\/wp-content\/uploads\/2025\/09\/armadio-garage-mania-100x100.jpg 100w, https:\/\/www.garagemania.ch\/wp-content\/uploads\/2025\/09\/armadio-garage-mania-32x32.jpg 32w\" sizes=\"(max-width: 650px) 100vw, 650px\" \/>\t\t\t\t\t\t\t\t\t\t\t\t\t\t\t<\/div>\n\t\t\t\t<\/div>\n\t\t\t\t<\/div>\n\t\t<div class=\"elementor-element elementor-element-9cb8031 e-con-full e-flex e-con e-child\" data-id=\"9cb8031\" data-element_type=\"container\" data-e-type=\"container\">\n\t\t\t\t<div class=\"elementor-element elementor-element-cc52364 elementor-widget elementor-widget-heading\" data-id=\"cc52364\" data-element_type=\"widget\" data-e-type=\"widget\" data-widget_type=\"heading.default\">\n\t\t\t\t<div class=\"elementor-widget-container\">\n\t\t\t\t\t<h2 class=\"elementor-heading-title elementor-size-default\">Chariots \u00e0 outils : emportez tout ce dont vous avez besoin<\/h2>\t\t\t\t<\/div>\n\t\t\t\t<\/div>\n\t\t\t\t<div class=\"elementor-element elementor-element-7f7c905 elementor-widget elementor-widget-text-editor\" data-id=\"7f7c905\" data-element_type=\"widget\" data-e-type=\"widget\" data-widget_type=\"text-editor.default\">\n\t\t\t\t<div class=\"elementor-widget-container\">\n\t\t\t\t\t\t\t\t\t<p>Il n&rsquo;y a rien de plus frustrant que de devoir faire des allers-retours pour aller chercher un outil dont vous avez besoin \u00e0 un moment pr\u00e9cis. Les chariots \u00e0 outils de Garage Mania sont con\u00e7us pr\u00e9cis\u00e9ment pour r\u00e9soudre ce probl\u00e8me. Gr\u00e2ce \u00e0 leurs roues robustes et \u00e0 leur grande capacit\u00e9, vous pouvez transporter vos outils, vos pots et tout le mat\u00e9riel n\u00e9cessaire d&rsquo;un coin \u00e0 l&rsquo;autre de votre garage, ou m\u00eame directement dans votre jardin, sans effort et sans laisser de traces de terre partout.<\/p>\n\t\t\t\t\t\t\t\t<\/div>\n\t\t\t\t<\/div>\n\t\t\t\t<div class=\"elementor-element elementor-element-055ce36 elementor-mobile-align-justify elementor-widget elementor-widget-button\" data-id=\"055ce36\" data-element_type=\"widget\" data-e-type=\"widget\" data-widget_type=\"button.default\">\n\t\t\t\t<div class=\"elementor-widget-container\">\n\t\t\t\t\t\t\t\t\t<div class=\"elementor-button-wrapper\">\n\t\t\t\t\t<a class=\"elementor-button elementor-button-link elementor-size-sm\" href=\"https:\/\/www.garagemania.ch\/fr\/cat\u00e9gorie-de-produit\/coffres-a-outils\/\" target=\"_blank\">\n\t\t\t\t\t\t<span class=\"elementor-button-content-wrapper\">\n\t\t\t\t\t\t\t\t\t<span class=\"elementor-button-text\">D\u00e9couvrez tous les chariots porte-outils<\/span>\n\t\t\t\t\t<\/span>\n\t\t\t\t\t<\/a>\n\t\t\t\t<\/div>\n\t\t\t\t\t\t\t\t<\/div>\n\t\t\t\t<\/div>\n\t\t\t\t<\/div>\n\t\t\t\t\t<\/div>\n\t\t\t\t<\/div>\n\t\t<div class=\"elementor-element elementor-element-bd863a6 e-flex e-con-boxed e-con e-parent\" data-id=\"bd863a6\" data-element_type=\"container\" data-e-type=\"container\">\n\t\t\t\t\t<div class=\"e-con-inner\">\n\t\t\t\t<div class=\"elementor-element elementor-element-9bb5098 elementor-widget elementor-widget-heading\" data-id=\"9bb5098\" data-element_type=\"widget\" data-e-type=\"widget\" data-widget_type=\"heading.default\">\n\t\t\t\t<div class=\"elementor-widget-container\">\n\t\t\t\t\t<h2 class=\"elementor-heading-title elementor-size-default\">Pas seulement fonctionnel : aussi \u00e9l\u00e9gant et ordonn\u00e9<\/h2>\t\t\t\t<\/div>\n\t\t\t\t<\/div>\n\t\t\t\t<div class=\"elementor-element elementor-element-9519336 elementor-widget elementor-widget-text-editor\" data-id=\"9519336\" data-element_type=\"widget\" data-e-type=\"widget\" data-widget_type=\"text-editor.default\">\n\t\t\t\t<div class=\"elementor-widget-container\">\n\t\t\t\t\t\t\t\t\t<p>Enfin, n&rsquo;oublions pas qu&rsquo;un beau garage est un garage o\u00f9 l&rsquo;on aime passer du temps. Les produits Garage Mania allient fonctionnalit\u00e9 et design moderne, pour que votre espace de travail soit non seulement ordonn\u00e9, mais aussi agr\u00e9able \u00e0 regarder. En bref, vous disposerez d&rsquo;un petit coin de paradis vert, facile \u00e0 organiser et surtout \u00e0 utiliser.<\/p>\n<p>Avec Garage Mania, votre garage peut enfin devenir le royaume parfait pour le jardinage : outils et accessoires \u00e0 leur place, mobilit\u00e9 intelligente, surfaces de\u00a0 travail con\u00e7ues pour vous et&#8230; beaucoup plus d&rsquo;espace pour vous amuser avec vos plantes.<\/p>\n\t\t\t\t\t\t\t\t<\/div>\n\t\t\t\t<\/div>\n\t\t\t\t<div class=\"elementor-element elementor-element-a830434 elementor-widget elementor-widget-image\" data-id=\"a830434\" data-element_type=\"widget\" data-e-type=\"widget\" data-widget_type=\"image.default\">\n\t\t\t\t<div class=\"elementor-widget-container\">\n\t\t\t\t\t\t\t\t\t\t\t\t\t\t\t<img loading=\"lazy\" decoding=\"async\" width=\"1000\" height=\"600\" src=\"https:\/\/www.garagemania.ch\/wp-content\/uploads\/2025\/09\/garage-moderno-organizzato.jpg\" class=\"attachment-full size-full wp-image-17106\" alt=\"\" srcset=\"https:\/\/www.garagemania.ch\/wp-content\/uploads\/2025\/09\/garage-moderno-organizzato.jpg 1000w, https:\/\/www.garagemania.ch\/wp-content\/uploads\/2025\/09\/garage-moderno-organizzato-400x240.jpg 400w, https:\/\/www.garagemania.ch\/wp-content\/uploads\/2025\/09\/garage-moderno-organizzato-768x461.jpg 768w, https:\/\/www.garagemania.ch\/wp-content\/uploads\/2025\/09\/garage-moderno-organizzato-600x360.jpg 600w\" sizes=\"(max-width: 1000px) 100vw, 1000px\" \/>\t\t\t\t\t\t\t\t\t\t\t\t\t\t\t<\/div>\n\t\t\t\t<\/div>\n\t\t\t\t<div class=\"elementor-element elementor-element-111e6de elementor-widget elementor-widget-text-editor\" data-id=\"111e6de\" data-element_type=\"widget\" data-e-type=\"widget\" data-widget_type=\"text-editor.default\">\n\t\t\t\t<div class=\"elementor-widget-container\">\n\t\t\t\t\t\t\t\t\t<p>Il ne vous reste plus qu&rsquo;une chose \u00e0 faire : remettre de l&rsquo;ordre et laisser votre main verte s&rsquo;envoler&#8230; directement depuis votre garage ! Pr\u00eat \u00e0 commencer la transformation ? Votre jardin vous en sera reconnaissant, tout comme votre sens de l&rsquo;organisation !<\/p>\n\t\t\t\t\t\t\t\t<\/div>\n\t\t\t\t<\/div>\n\t\t\t\t<div class=\"elementor-element elementor-element-7209968 elementor-align-center elementor-mobile-align-justify elementor-widget elementor-widget-button\" data-id=\"7209968\" data-element_type=\"widget\" data-e-type=\"widget\" data-widget_type=\"button.default\">\n\t\t\t\t<div class=\"elementor-widget-container\">\n\t\t\t\t\t\t\t\t\t<div class=\"elementor-button-wrapper\">\n\t\t\t\t\t<a class=\"elementor-button elementor-button-link elementor-size-sm\" href=\"https:\/\/www.garagemania.ch\/fr\/page-shop-pour-les-rangements-garage-de-chez-garage-mania\/\" target=\"_blank\">\n\t\t\t\t\t\t<span class=\"elementor-button-content-wrapper\">\n\t\t\t\t\t\t\t\t\t<span class=\"elementor-button-text\">D\u00e9couvrez tous les produits Garage Mania<\/span>\n\t\t\t\t\t<\/span>\n\t\t\t\t\t<\/a>\n\t\t\t\t<\/div>\n\t\t\t\t\t\t\t\t<\/div>\n\t\t\t\t<\/div>\n\t\t\t\t\t<\/div>\n\t\t\t\t<\/div>\n\t\t\t\t<\/div>\n\t\t","protected":false},"excerpt":{"rendered":"<p>Si vous faites partie de ceux qui ont h\u00e2te de passer le week-end les mains dans la terre, \u00e0 planter des fleurs ou simplement \u00e0 prendre soin de votre coin de verdure, alors cet article est fait pour vous.<\/p>\n","protected":false},"author":2,"featured_media":17115,"comment_status":"open","ping_status":"open","sticky":false,"template":"","format":"standard","meta":{"site-sidebar-layout":"default","site-content-layout":"","ast-site-content-layout":"default","site-content-style":"default","site-sidebar-style":"default","ast-global-header-display":"","ast-banner-title-visibility":"","ast-main-header-display":"","ast-hfb-above-header-display":"","ast-hfb-below-header-display":"","ast-hfb-mobile-header-display":"","site-post-title":"","ast-breadcrumbs-content":"","ast-featured-img":"","footer-sml-layout":"","ast-disable-related-posts":"","theme-transparent-header-meta":"","adv-header-id-meta":"","stick-header-meta":"","header-above-stick-meta":"","header-main-stick-meta":"","header-below-stick-meta":"","astra-migrate-meta-layouts":"default","ast-page-background-enabled":"default","ast-page-background-meta":{"desktop":{"background-color":"","background-image":"","background-repeat":"repeat","background-position":"center center","background-size":"auto","background-attachment":"scroll","background-type":"","background-media":"","overlay-type":"","overlay-color":"","overlay-opacity":"","overlay-gradient":""},"tablet":{"background-color":"","background-image":"","background-repeat":"repeat","background-position":"center center","background-size":"auto","background-attachment":"scroll","background-type":"","background-media":"","overlay-type":"","overlay-color":"","overlay-opacity":"","overlay-gradient":""},"mobile":{"background-color":"","background-image":"","background-repeat":"repeat","background-position":"center center","background-size":"auto","background-attachment":"scroll","background-type":"","background-media":"","overlay-type":"","overlay-color":"","overlay-opacity":"","overlay-gradient":""}},"ast-content-background-meta":{"desktop":{"background-color":"var(--ast-global-color-5)","background-image":"","background-repeat":"repeat","background-position":"center center","background-size":"auto","background-attachment":"scroll","background-type":"","background-media":"","overlay-type":"","overlay-color":"","overlay-opacity":"","overlay-gradient":""},"tablet":{"background-color":"var(--ast-global-color-5)","background-image":"","background-repeat":"repeat","background-position":"center center","background-size":"auto","background-attachment":"scroll","background-type":"","background-media":"","overlay-type":"","overlay-color":"","overlay-opacity":"","overlay-gradient":""},"mobile":{"background-color":"var(--ast-global-color-5)","background-image":"","background-repeat":"repeat","background-position":"center center","background-size":"auto","background-attachment":"scroll","background-type":"","background-media":"","overlay-type":"","overlay-color":"","overlay-opacity":"","overlay-gradient":""}},"footnotes":""},"categories":[1434],"tags":[],"class_list":["post-17117","post","type-post","status-publish","format-standard","has-post-thumbnail","hentry","category-amenagement-garage"],"yoast_head":"<!-- This site is optimized with the Yoast SEO Premium plugin v27.5 (Yoast SEO v27.5) - https:\/\/yoast.com\/product\/yoast-seo-premium-wordpress\/ -->\n<title>Le garage de r\u00eave pour les amateurs de jardinage | Garage Mania<\/title>\n<meta name=\"description\" content=\"Si vous faites partie de ceux qui ont h\u00e2te de passer le week-end les mains dans la terre, \u00e0 planter des fleurs...\" \/>\n<meta name=\"robots\" content=\"index, follow, max-snippet:-1, max-image-preview:large, max-video-preview:-1\" \/>\n<link rel=\"canonical\" href=\"https:\/\/www.garagemania.ch\/fr\/le-garage-de-reve-pour-les-amateurs-de-jardinage-organisez-creez-et-cultivez-avec-garage-mania\/\" \/>\n<meta property=\"og:locale\" content=\"fr_FR\" \/>\n<meta property=\"og:type\" content=\"article\" \/>\n<meta property=\"og:title\" content=\"Le garage de r\u00eave pour les amateurs de jardinage : organisez, cr\u00e9ez et cultivez avec Garage Mania\" \/>\n<meta property=\"og:description\" content=\"Si vous faites partie de ceux qui ont h\u00e2te de passer le week-end les mains dans la terre, \u00e0 planter des fleurs...\" \/>\n<meta property=\"og:url\" content=\"https:\/\/www.garagemania.ch\/fr\/le-garage-de-reve-pour-les-amateurs-de-jardinage-organisez-creez-et-cultivez-avec-garage-mania\/\" \/>\n<meta property=\"og:site_name\" content=\"Garage Mania\" \/>\n<meta property=\"article:publisher\" content=\"https:\/\/www.facebook.com\/garagemania.it\/\" \/>\n<meta property=\"article:published_time\" content=\"2025-09-08T06:00:13+00:00\" \/>\n<meta property=\"article:modified_time\" content=\"2025-12-01T13:21:35+00:00\" \/>\n<meta property=\"og:image\" content=\"https:\/\/www.garagemania.ch\/wp-content\/uploads\/2025\/09\/garage-per-gli-amanti-del-giardinaggio.jpg\" \/>\n\t<meta property=\"og:image:width\" content=\"1000\" \/>\n\t<meta property=\"og:image:height\" content=\"600\" \/>\n\t<meta property=\"og:image:type\" content=\"image\/jpeg\" \/>\n<meta name=\"author\" content=\"Ufficio Stampa\" \/>\n<meta name=\"twitter:card\" content=\"summary_large_image\" \/>\n<meta name=\"twitter:label1\" content=\"\u00c9crit par\" \/>\n\t<meta name=\"twitter:data1\" content=\"Ufficio Stampa\" \/>\n\t<meta name=\"twitter:label2\" content=\"Dur\u00e9e de lecture estim\u00e9e\" \/>\n\t<meta name=\"twitter:data2\" content=\"3 minutes\" \/>\n<script type=\"application\/ld+json\" class=\"yoast-schema-graph\">{\"@context\":\"https:\\\/\\\/schema.org\",\"@graph\":[{\"@type\":\"Article\",\"@id\":\"https:\\\/\\\/www.garagemania.ch\\\/fr\\\/le-garage-de-reve-pour-les-amateurs-de-jardinage-organisez-creez-et-cultivez-avec-garage-mania\\\/#article\",\"isPartOf\":{\"@id\":\"https:\\\/\\\/www.garagemania.ch\\\/fr\\\/le-garage-de-reve-pour-les-amateurs-de-jardinage-organisez-creez-et-cultivez-avec-garage-mania\\\/\"},\"author\":{\"name\":\"Ufficio Stampa\",\"@id\":\"https:\\\/\\\/www.garagemania.ch\\\/fr\\\/#\\\/schema\\\/person\\\/171adf94311a3bde603a14704a982329\"},\"headline\":\"Le garage de r\u00eave pour les amateurs de jardinage : organisez, cr\u00e9ez et cultivez avec Garage Mania\",\"datePublished\":\"2025-09-08T06:00:13+00:00\",\"dateModified\":\"2025-12-01T13:21:35+00:00\",\"mainEntityOfPage\":{\"@id\":\"https:\\\/\\\/www.garagemania.ch\\\/fr\\\/le-garage-de-reve-pour-les-amateurs-de-jardinage-organisez-creez-et-cultivez-avec-garage-mania\\\/\"},\"wordCount\":719,\"commentCount\":0,\"publisher\":{\"@id\":\"https:\\\/\\\/www.garagemania.ch\\\/fr\\\/#organization\"},\"image\":{\"@id\":\"https:\\\/\\\/www.garagemania.ch\\\/fr\\\/le-garage-de-reve-pour-les-amateurs-de-jardinage-organisez-creez-et-cultivez-avec-garage-mania\\\/#primaryimage\"},\"thumbnailUrl\":\"https:\\\/\\\/www.garagemania.ch\\\/wp-content\\\/uploads\\\/2025\\\/09\\\/garage-per-gli-amanti-del-giardinaggio.jpg\",\"articleSection\":[\"Am\u00e9nagement garage\"],\"inLanguage\":\"fr-FR\",\"potentialAction\":[{\"@type\":\"CommentAction\",\"name\":\"Comment\",\"target\":[\"https:\\\/\\\/www.garagemania.ch\\\/fr\\\/le-garage-de-reve-pour-les-amateurs-de-jardinage-organisez-creez-et-cultivez-avec-garage-mania\\\/#respond\"]}]},{\"@type\":\"WebPage\",\"@id\":\"https:\\\/\\\/www.garagemania.ch\\\/fr\\\/le-garage-de-reve-pour-les-amateurs-de-jardinage-organisez-creez-et-cultivez-avec-garage-mania\\\/\",\"url\":\"https:\\\/\\\/www.garagemania.ch\\\/fr\\\/le-garage-de-reve-pour-les-amateurs-de-jardinage-organisez-creez-et-cultivez-avec-garage-mania\\\/\",\"name\":\"Le garage de r\u00eave pour les amateurs de jardinage | Garage Mania\",\"isPartOf\":{\"@id\":\"https:\\\/\\\/www.garagemania.ch\\\/fr\\\/#website\"},\"primaryImageOfPage\":{\"@id\":\"https:\\\/\\\/www.garagemania.ch\\\/fr\\\/le-garage-de-reve-pour-les-amateurs-de-jardinage-organisez-creez-et-cultivez-avec-garage-mania\\\/#primaryimage\"},\"image\":{\"@id\":\"https:\\\/\\\/www.garagemania.ch\\\/fr\\\/le-garage-de-reve-pour-les-amateurs-de-jardinage-organisez-creez-et-cultivez-avec-garage-mania\\\/#primaryimage\"},\"thumbnailUrl\":\"https:\\\/\\\/www.garagemania.ch\\\/wp-content\\\/uploads\\\/2025\\\/09\\\/garage-per-gli-amanti-del-giardinaggio.jpg\",\"datePublished\":\"2025-09-08T06:00:13+00:00\",\"dateModified\":\"2025-12-01T13:21:35+00:00\",\"description\":\"Si vous faites partie de ceux qui ont h\u00e2te de passer le week-end les mains dans la terre, \u00e0 planter des fleurs...\",\"breadcrumb\":{\"@id\":\"https:\\\/\\\/www.garagemania.ch\\\/fr\\\/le-garage-de-reve-pour-les-amateurs-de-jardinage-organisez-creez-et-cultivez-avec-garage-mania\\\/#breadcrumb\"},\"inLanguage\":\"fr-FR\",\"potentialAction\":[{\"@type\":\"ReadAction\",\"target\":[\"https:\\\/\\\/www.garagemania.ch\\\/fr\\\/le-garage-de-reve-pour-les-amateurs-de-jardinage-organisez-creez-et-cultivez-avec-garage-mania\\\/\"]}]},{\"@type\":\"ImageObject\",\"inLanguage\":\"fr-FR\",\"@id\":\"https:\\\/\\\/www.garagemania.ch\\\/fr\\\/le-garage-de-reve-pour-les-amateurs-de-jardinage-organisez-creez-et-cultivez-avec-garage-mania\\\/#primaryimage\",\"url\":\"https:\\\/\\\/www.garagemania.ch\\\/wp-content\\\/uploads\\\/2025\\\/09\\\/garage-per-gli-amanti-del-giardinaggio.jpg\",\"contentUrl\":\"https:\\\/\\\/www.garagemania.ch\\\/wp-content\\\/uploads\\\/2025\\\/09\\\/garage-per-gli-amanti-del-giardinaggio.jpg\",\"width\":1000,\"height\":600},{\"@type\":\"BreadcrumbList\",\"@id\":\"https:\\\/\\\/www.garagemania.ch\\\/fr\\\/le-garage-de-reve-pour-les-amateurs-de-jardinage-organisez-creez-et-cultivez-avec-garage-mania\\\/#breadcrumb\",\"itemListElement\":[{\"@type\":\"ListItem\",\"position\":1,\"name\":\"Home\",\"item\":\"https:\\\/\\\/www.garagemania.ch\\\/fr\\\/homepage\\\/\"},{\"@type\":\"ListItem\",\"position\":2,\"name\":\"Le garage de r\u00eave pour les amateurs de jardinage : organisez, cr\u00e9ez et cultivez avec Garage Mania\"}]},{\"@type\":\"WebSite\",\"@id\":\"https:\\\/\\\/www.garagemania.ch\\\/fr\\\/#website\",\"url\":\"https:\\\/\\\/www.garagemania.ch\\\/fr\\\/\",\"name\":\"Garage Mania\",\"description\":\"Il luogo ideale per tutti coloro che vogliono un garage super esclusivo\",\"publisher\":{\"@id\":\"https:\\\/\\\/www.garagemania.ch\\\/fr\\\/#organization\"},\"potentialAction\":[{\"@type\":\"SearchAction\",\"target\":{\"@type\":\"EntryPoint\",\"urlTemplate\":\"https:\\\/\\\/www.garagemania.ch\\\/fr\\\/?s={search_term_string}\"},\"query-input\":{\"@type\":\"PropertyValueSpecification\",\"valueRequired\":true,\"valueName\":\"search_term_string\"}}],\"inLanguage\":\"fr-FR\"},{\"@type\":\"Organization\",\"@id\":\"https:\\\/\\\/www.garagemania.ch\\\/fr\\\/#organization\",\"name\":\"GLADIATOR WORX SAGL\",\"url\":\"https:\\\/\\\/www.garagemania.ch\\\/fr\\\/\",\"logo\":{\"@type\":\"ImageObject\",\"inLanguage\":\"fr-FR\",\"@id\":\"https:\\\/\\\/www.garagemania.ch\\\/fr\\\/#\\\/schema\\\/logo\\\/image\\\/\",\"url\":\"https:\\\/\\\/www.garagemania.ch\\\/wp-content\\\/uploads\\\/2021\\\/03\\\/Logo-Garage-Mania.png\",\"contentUrl\":\"https:\\\/\\\/www.garagemania.ch\\\/wp-content\\\/uploads\\\/2021\\\/03\\\/Logo-Garage-Mania.png\",\"width\":300,\"height\":282,\"caption\":\"GLADIATOR WORX SAGL\"},\"image\":{\"@id\":\"https:\\\/\\\/www.garagemania.ch\\\/fr\\\/#\\\/schema\\\/logo\\\/image\\\/\"},\"sameAs\":[\"https:\\\/\\\/www.facebook.com\\\/garagemania.it\\\/\",\"https:\\\/\\\/www.instagram.com\\\/garagemania.it\\\/\"]},{\"@type\":\"Person\",\"@id\":\"https:\\\/\\\/www.garagemania.ch\\\/fr\\\/#\\\/schema\\\/person\\\/171adf94311a3bde603a14704a982329\",\"name\":\"Ufficio Stampa\",\"image\":{\"@type\":\"ImageObject\",\"inLanguage\":\"fr-FR\",\"@id\":\"https:\\\/\\\/secure.gravatar.com\\\/avatar\\\/c76bd8c666ec8fe7bb1550bb53e2af4b7780dcaed89f7a6526236c2ed1f63b95?s=96&d=mm&r=g\",\"url\":\"https:\\\/\\\/secure.gravatar.com\\\/avatar\\\/c76bd8c666ec8fe7bb1550bb53e2af4b7780dcaed89f7a6526236c2ed1f63b95?s=96&d=mm&r=g\",\"contentUrl\":\"https:\\\/\\\/secure.gravatar.com\\\/avatar\\\/c76bd8c666ec8fe7bb1550bb53e2af4b7780dcaed89f7a6526236c2ed1f63b95?s=96&d=mm&r=g\",\"caption\":\"Ufficio Stampa\"},\"url\":\"https:\\\/\\\/www.garagemania.ch\\\/fr\\\/author\\\/ideesol\\\/\"}]}<\/script>\n<!-- \/ Yoast SEO Premium plugin. -->","yoast_head_json":{"title":"Le garage de r\u00eave pour les amateurs de jardinage | Garage Mania","description":"Si vous faites partie de ceux qui ont h\u00e2te de passer le week-end les mains dans la terre, \u00e0 planter des fleurs...","robots":{"index":"index","follow":"follow","max-snippet":"max-snippet:-1","max-image-preview":"max-image-preview:large","max-video-preview":"max-video-preview:-1"},"canonical":"https:\/\/www.garagemania.ch\/fr\/le-garage-de-reve-pour-les-amateurs-de-jardinage-organisez-creez-et-cultivez-avec-garage-mania\/","og_locale":"fr_FR","og_type":"article","og_title":"Le garage de r\u00eave pour les amateurs de jardinage : organisez, cr\u00e9ez et cultivez avec Garage Mania","og_description":"Si vous faites partie de ceux qui ont h\u00e2te de passer le week-end les mains dans la terre, \u00e0 planter des fleurs...","og_url":"https:\/\/www.garagemania.ch\/fr\/le-garage-de-reve-pour-les-amateurs-de-jardinage-organisez-creez-et-cultivez-avec-garage-mania\/","og_site_name":"Garage Mania","article_publisher":"https:\/\/www.facebook.com\/garagemania.it\/","article_published_time":"2025-09-08T06:00:13+00:00","article_modified_time":"2025-12-01T13:21:35+00:00","og_image":[{"width":1000,"height":600,"url":"https:\/\/www.garagemania.ch\/wp-content\/uploads\/2025\/09\/garage-per-gli-amanti-del-giardinaggio.jpg","type":"image\/jpeg"}],"author":"Ufficio Stampa","twitter_card":"summary_large_image","twitter_misc":{"\u00c9crit par":"Ufficio Stampa","Dur\u00e9e de lecture estim\u00e9e":"3 minutes"},"schema":{"@context":"https:\/\/schema.org","@graph":[{"@type":"Article","@id":"https:\/\/www.garagemania.ch\/fr\/le-garage-de-reve-pour-les-amateurs-de-jardinage-organisez-creez-et-cultivez-avec-garage-mania\/#article","isPartOf":{"@id":"https:\/\/www.garagemania.ch\/fr\/le-garage-de-reve-pour-les-amateurs-de-jardinage-organisez-creez-et-cultivez-avec-garage-mania\/"},"author":{"name":"Ufficio Stampa","@id":"https:\/\/www.garagemania.ch\/fr\/#\/schema\/person\/171adf94311a3bde603a14704a982329"},"headline":"Le garage de r\u00eave pour les amateurs de jardinage : organisez, cr\u00e9ez et cultivez avec Garage Mania","datePublished":"2025-09-08T06:00:13+00:00","dateModified":"2025-12-01T13:21:35+00:00","mainEntityOfPage":{"@id":"https:\/\/www.garagemania.ch\/fr\/le-garage-de-reve-pour-les-amateurs-de-jardinage-organisez-creez-et-cultivez-avec-garage-mania\/"},"wordCount":719,"commentCount":0,"publisher":{"@id":"https:\/\/www.garagemania.ch\/fr\/#organization"},"image":{"@id":"https:\/\/www.garagemania.ch\/fr\/le-garage-de-reve-pour-les-amateurs-de-jardinage-organisez-creez-et-cultivez-avec-garage-mania\/#primaryimage"},"thumbnailUrl":"https:\/\/www.garagemania.ch\/wp-content\/uploads\/2025\/09\/garage-per-gli-amanti-del-giardinaggio.jpg","articleSection":["Am\u00e9nagement garage"],"inLanguage":"fr-FR","potentialAction":[{"@type":"CommentAction","name":"Comment","target":["https:\/\/www.garagemania.ch\/fr\/le-garage-de-reve-pour-les-amateurs-de-jardinage-organisez-creez-et-cultivez-avec-garage-mania\/#respond"]}]},{"@type":"WebPage","@id":"https:\/\/www.garagemania.ch\/fr\/le-garage-de-reve-pour-les-amateurs-de-jardinage-organisez-creez-et-cultivez-avec-garage-mania\/","url":"https:\/\/www.garagemania.ch\/fr\/le-garage-de-reve-pour-les-amateurs-de-jardinage-organisez-creez-et-cultivez-avec-garage-mania\/","name":"Le garage de r\u00eave pour les amateurs de jardinage | Garage Mania","isPartOf":{"@id":"https:\/\/www.garagemania.ch\/fr\/#website"},"primaryImageOfPage":{"@id":"https:\/\/www.garagemania.ch\/fr\/le-garage-de-reve-pour-les-amateurs-de-jardinage-organisez-creez-et-cultivez-avec-garage-mania\/#primaryimage"},"image":{"@id":"https:\/\/www.garagemania.ch\/fr\/le-garage-de-reve-pour-les-amateurs-de-jardinage-organisez-creez-et-cultivez-avec-garage-mania\/#primaryimage"},"thumbnailUrl":"https:\/\/www.garagemania.ch\/wp-content\/uploads\/2025\/09\/garage-per-gli-amanti-del-giardinaggio.jpg","datePublished":"2025-09-08T06:00:13+00:00","dateModified":"2025-12-01T13:21:35+00:00","description":"Si vous faites partie de ceux qui ont h\u00e2te de passer le week-end les mains dans la terre, \u00e0 planter des fleurs...","breadcrumb":{"@id":"https:\/\/www.garagemania.ch\/fr\/le-garage-de-reve-pour-les-amateurs-de-jardinage-organisez-creez-et-cultivez-avec-garage-mania\/#breadcrumb"},"inLanguage":"fr-FR","potentialAction":[{"@type":"ReadAction","target":["https:\/\/www.garagemania.ch\/fr\/le-garage-de-reve-pour-les-amateurs-de-jardinage-organisez-creez-et-cultivez-avec-garage-mania\/"]}]},{"@type":"ImageObject","inLanguage":"fr-FR","@id":"https:\/\/www.garagemania.ch\/fr\/le-garage-de-reve-pour-les-amateurs-de-jardinage-organisez-creez-et-cultivez-avec-garage-mania\/#primaryimage","url":"https:\/\/www.garagemania.ch\/wp-content\/uploads\/2025\/09\/garage-per-gli-amanti-del-giardinaggio.jpg","contentUrl":"https:\/\/www.garagemania.ch\/wp-content\/uploads\/2025\/09\/garage-per-gli-amanti-del-giardinaggio.jpg","width":1000,"height":600},{"@type":"BreadcrumbList","@id":"https:\/\/www.garagemania.ch\/fr\/le-garage-de-reve-pour-les-amateurs-de-jardinage-organisez-creez-et-cultivez-avec-garage-mania\/#breadcrumb","itemListElement":[{"@type":"ListItem","position":1,"name":"Home","item":"https:\/\/www.garagemania.ch\/fr\/homepage\/"},{"@type":"ListItem","position":2,"name":"Le garage de r\u00eave pour les amateurs de jardinage : organisez, cr\u00e9ez et cultivez avec Garage Mania"}]},{"@type":"WebSite","@id":"https:\/\/www.garagemania.ch\/fr\/#website","url":"https:\/\/www.garagemania.ch\/fr\/","name":"Garage Mania","description":"Il luogo ideale per tutti coloro che vogliono un garage super esclusivo","publisher":{"@id":"https:\/\/www.garagemania.ch\/fr\/#organization"},"potentialAction":[{"@type":"SearchAction","target":{"@type":"EntryPoint","urlTemplate":"https:\/\/www.garagemania.ch\/fr\/?s={search_term_string}"},"query-input":{"@type":"PropertyValueSpecification","valueRequired":true,"valueName":"search_term_string"}}],"inLanguage":"fr-FR"},{"@type":"Organization","@id":"https:\/\/www.garagemania.ch\/fr\/#organization","name":"GLADIATOR WORX SAGL","url":"https:\/\/www.garagemania.ch\/fr\/","logo":{"@type":"ImageObject","inLanguage":"fr-FR","@id":"https:\/\/www.garagemania.ch\/fr\/#\/schema\/logo\/image\/","url":"https:\/\/www.garagemania.ch\/wp-content\/uploads\/2021\/03\/Logo-Garage-Mania.png","contentUrl":"https:\/\/www.garagemania.ch\/wp-content\/uploads\/2021\/03\/Logo-Garage-Mania.png","width":300,"height":282,"caption":"GLADIATOR WORX SAGL"},"image":{"@id":"https:\/\/www.garagemania.ch\/fr\/#\/schema\/logo\/image\/"},"sameAs":["https:\/\/www.facebook.com\/garagemania.it\/","https:\/\/www.instagram.com\/garagemania.it\/"]},{"@type":"Person","@id":"https:\/\/www.garagemania.ch\/fr\/#\/schema\/person\/171adf94311a3bde603a14704a982329","name":"Ufficio Stampa","image":{"@type":"ImageObject","inLanguage":"fr-FR","@id":"https:\/\/secure.gravatar.com\/avatar\/c76bd8c666ec8fe7bb1550bb53e2af4b7780dcaed89f7a6526236c2ed1f63b95?s=96&d=mm&r=g","url":"https:\/\/secure.gravatar.com\/avatar\/c76bd8c666ec8fe7bb1550bb53e2af4b7780dcaed89f7a6526236c2ed1f63b95?s=96&d=mm&r=g","contentUrl":"https:\/\/secure.gravatar.com\/avatar\/c76bd8c666ec8fe7bb1550bb53e2af4b7780dcaed89f7a6526236c2ed1f63b95?s=96&d=mm&r=g","caption":"Ufficio Stampa"},"url":"https:\/\/www.garagemania.ch\/fr\/author\/ideesol\/"}]}},"_links":{"self":[{"href":"https:\/\/www.garagemania.ch\/fr\/wp-json\/wp\/v2\/posts\/17117","targetHints":{"allow":["GET"]}}],"collection":[{"href":"https:\/\/www.garagemania.ch\/fr\/wp-json\/wp\/v2\/posts"}],"about":[{"href":"https:\/\/www.garagemania.ch\/fr\/wp-json\/wp\/v2\/types\/post"}],"author":[{"embeddable":true,"href":"https:\/\/www.garagemania.ch\/fr\/wp-json\/wp\/v2\/users\/2"}],"replies":[{"embeddable":true,"href":"https:\/\/www.garagemania.ch\/fr\/wp-json\/wp\/v2\/comments?post=17117"}],"version-history":[{"count":2,"href":"https:\/\/www.garagemania.ch\/fr\/wp-json\/wp\/v2\/posts\/17117\/revisions"}],"predecessor-version":[{"id":17126,"href":"https:\/\/www.garagemania.ch\/fr\/wp-json\/wp\/v2\/posts\/17117\/revisions\/17126"}],"wp:featuredmedia":[{"embeddable":true,"href":"https:\/\/www.garagemania.ch\/fr\/wp-json\/wp\/v2\/media\/17115"}],"wp:attachment":[{"href":"https:\/\/www.garagemania.ch\/fr\/wp-json\/wp\/v2\/media?parent=17117"}],"wp:term":[{"taxonomy":"category","embeddable":true,"href":"https:\/\/www.garagemania.ch\/fr\/wp-json\/wp\/v2\/categories?post=17117"},{"taxonomy":"post_tag","embeddable":true,"href":"https:\/\/www.garagemania.ch\/fr\/wp-json\/wp\/v2\/tags?post=17117"}],"curies":[{"name":"wp","href":"https:\/\/api.w.org\/{rel}","templated":true}]}}