{"id":17469,"date":"2026-01-29T15:14:44","date_gmt":"2026-01-29T14:14:44","guid":{"rendered":"https:\/\/www.garagemania.ch\/transformez-votre-garage-en-refuge-decouvrez-nos-kits-damenagement\/"},"modified":"2026-04-13T09:31:58","modified_gmt":"2026-04-13T07:31:58","slug":"transformez-votre-garage-en-refuge-decouvrez-nos-kits-damenagement","status":"publish","type":"post","link":"https:\/\/www.garagemania.ch\/fr\/transformez-votre-garage-en-refuge-decouvrez-nos-kits-damenagement\/","title":{"rendered":"Transformez votre garage en refuge : d\u00e9couvrez nos kits d&rsquo;am\u00e9nagement"},"content":{"rendered":"\t\t<div data-elementor-type=\"wp-post\" data-elementor-id=\"17469\" class=\"elementor elementor-17469 elementor-17435\" data-elementor-post-type=\"post\">\n\t\t\t\t<div class=\"elementor-element elementor-element-d5c5be0 e-flex e-con-boxed e-con e-parent\" data-id=\"d5c5be0\" data-element_type=\"container\" data-e-type=\"container\">\n\t\t\t\t\t<div class=\"e-con-inner\">\n\t\t\t\t<div class=\"elementor-element elementor-element-f1b743a elementor-widget elementor-widget-text-editor\" data-id=\"f1b743a\" data-element_type=\"widget\" data-e-type=\"widget\" data-widget_type=\"text-editor.default\">\n\t\t\t\t<div class=\"elementor-widget-container\">\n\t\t\t\t\t\t\t\t\t<p>Pour beaucoup des personnes, le garage n&rsquo;est pas seulement un lieu de passage, mais un v\u00e9ritable<strong> refuge personnel<\/strong> : c&rsquo;est l\u00e0 que naissent les id\u00e9es, que l&rsquo;on cultive ses passions et que l&rsquo;on s&rsquo;isole du bruit du reste de la maison.<\/p>\n<p>Dans cet espace, chaque d\u00e9tail communique style, ordre et caract\u00e8re. Un environnement laid, d\u00e9sordonn\u00e9 et improvis\u00e9 jure avec une vie soign\u00e9e dans les moindres d\u00e9tails ; au contraire, un <strong>garage con\u00e7u sur mesure<\/strong> devient une extension coh\u00e9rente de votre personnalit\u00e9 et de votre style de vie.<\/p>\n<p>Dans cet article, vous d\u00e9couvrirez comment transformer votre garage en un espace haut de gamme et fonctionnel , gr\u00e2ce aux <strong>kits de rangement en MDF<\/strong> et aux <strong>kits de rangement en acier<\/strong> <strong>sign\u00e9s Garage Mania<\/strong>, con\u00e7us sp\u00e9cialement pour ceux qui consid\u00e8rent le garage comme une pi\u00e8ce de valeur, et non comme un simple local de service.<\/p>\n\t\t\t\t\t\t\t\t<\/div>\n\t\t\t\t<\/div>\n\t\t\t\t<div class=\"elementor-element elementor-element-a7af16a elementor-widget elementor-widget-heading\" data-id=\"a7af16a\" data-element_type=\"widget\" data-e-type=\"widget\" data-widget_type=\"heading.default\">\n\t\t\t\t<div class=\"elementor-widget-container\">\n\t\t\t\t\t<h2 class=\"elementor-heading-title elementor-size-default\">Pourquoi le garage est-il votre nouvelle pi\u00e8ce haut de gamme ?<\/h2>\t\t\t\t<\/div>\n\t\t\t\t<\/div>\n\t\t\t\t<div class=\"elementor-element elementor-element-92a6522 elementor-widget elementor-widget-text-editor\" data-id=\"92a6522\" data-element_type=\"widget\" data-e-type=\"widget\" data-widget_type=\"text-editor.default\">\n\t\t\t\t<div class=\"elementor-widget-container\">\n\t\t\t\t\t\t\t\t\t<p>Ces derni\u00e8res ann\u00e9es, le garage est devenu, pour beaucoup des personnes, ce qu&rsquo;\u00e9tait autrefois le bureau priv\u00e9 ou le club exclusif. Ce n&rsquo;est pas seulement un endroit o\u00f9 garer sa voiture, c&rsquo;est un espace o\u00f9 :<\/p>\n<ul>\n<li>Se ressourcer apr\u00e8s une journ\u00e9e intense.<\/li>\n<li>Se consacrer \u00e0 des petits travaux, des projets ou des loisirs manuels.<\/li>\n<li>Profiter en toute tranquillit\u00e9 de sa collection (motos, v\u00e9los, outils, souvenirs).<\/li>\n<li>Inviter quelques amis tri\u00e9s sur le volet pour des moments \u00ab entre hommes \u00bb.<\/li>\n<\/ul>\n\t\t\t\t\t\t\t\t<\/div>\n\t\t\t\t<\/div>\n\t\t\t\t\t<\/div>\n\t\t\t\t<\/div>\n\t\t<div class=\"elementor-element elementor-element-18fba9e e-flex e-con-boxed e-con e-parent\" data-id=\"18fba9e\" data-element_type=\"container\" data-e-type=\"container\">\n\t\t\t\t\t<div class=\"e-con-inner\">\n\t\t<div class=\"elementor-element elementor-element-c9305cb e-con-full e-flex e-con e-child\" data-id=\"c9305cb\" data-element_type=\"container\" data-e-type=\"container\">\n\t\t\t\t<div class=\"elementor-element elementor-element-e4c4ab8 elementor-widget elementor-widget-image\" data-id=\"e4c4ab8\" data-element_type=\"widget\" data-e-type=\"widget\" data-widget_type=\"image.default\">\n\t\t\t\t<div class=\"elementor-widget-container\">\n\t\t\t\t\t\t\t\t\t\t\t\t\t\t\t<img fetchpriority=\"high\" decoding=\"async\" width=\"600\" height=\"600\" src=\"https:\/\/www.garagemania.ch\/wp-content\/uploads\/2023\/11\/Kit-postazione-passion-2-garage-mania.jpg\" class=\"attachment-large size-large wp-image-14156\" alt=\"Passion 2 garage mania station kit\" srcset=\"https:\/\/www.garagemania.ch\/wp-content\/uploads\/2023\/11\/Kit-postazione-passion-2-garage-mania.jpg 600w, https:\/\/www.garagemania.ch\/wp-content\/uploads\/2023\/11\/Kit-postazione-passion-2-garage-mania-400x400.jpg 400w, https:\/\/www.garagemania.ch\/wp-content\/uploads\/2023\/11\/Kit-postazione-passion-2-garage-mania-170x170.jpg 170w, https:\/\/www.garagemania.ch\/wp-content\/uploads\/2023\/11\/Kit-postazione-passion-2-garage-mania-300x300.jpg 300w, https:\/\/www.garagemania.ch\/wp-content\/uploads\/2023\/11\/Kit-postazione-passion-2-garage-mania-100x100.jpg 100w, https:\/\/www.garagemania.ch\/wp-content\/uploads\/2023\/11\/Kit-postazione-passion-2-garage-mania-32x32.jpg 32w\" sizes=\"(max-width: 600px) 100vw, 600px\" \/>\t\t\t\t\t\t\t\t\t\t\t\t\t\t\t<\/div>\n\t\t\t\t<\/div>\n\t\t\t\t<\/div>\n\t\t<div class=\"elementor-element elementor-element-864c9b7 e-con-full e-flex e-con e-child\" data-id=\"864c9b7\" data-element_type=\"container\" data-e-type=\"container\">\n\t\t\t\t<div class=\"elementor-element elementor-element-daefcac elementor-widget elementor-widget-text-editor\" data-id=\"daefcac\" data-element_type=\"widget\" data-e-type=\"widget\" data-widget_type=\"text-editor.default\">\n\t\t\t\t<div class=\"elementor-widget-container\">\n\t\t\t\t\t\t\t\t\t<p>Si vous avez exig\u00e9 des finitions de qualit\u00e9, des mat\u00e9riaux raffin\u00e9s et un mobilier sur mesure pour votre maison, pourquoi vous contenter d&rsquo;un garage d\u00e9pouill\u00e9, froid et en d\u00e9sordre ?<\/p>\n<p>Un environnement soign\u00e9 :<\/p>\n<ul>\n<li>Augmente la valeur per\u00e7ue de la maison.<\/li>\n<li>Communique ordre, contr\u00f4le et souci du d\u00e9tail.<\/li>\n<li>Vous redonne un espace \u00ab \u00e0 vous \u00bb, o\u00f9 tout est \u00e0 sa place.<\/li>\n<\/ul>\n<p>C&rsquo;est l\u00e0 qu&rsquo;interviennent les <strong>kits de poste de travail Garage Mania<\/strong> : des solutions compl\u00e8tes, con\u00e7ues pour cr\u00e9er un v\u00e9ritable environnement de travail et de d\u00e9tente, avec une esth\u00e9tique coh\u00e9rente et de qualit\u00e9.<\/p>\n\t\t\t\t\t\t\t\t<\/div>\n\t\t\t\t<\/div>\n\t\t\t\t<\/div>\n\t\t\t\t\t<\/div>\n\t\t\t\t<\/div>\n\t\t<div class=\"elementor-element elementor-element-b4b6a93 e-flex e-con-boxed e-con e-parent\" data-id=\"b4b6a93\" data-element_type=\"container\" data-e-type=\"container\">\n\t\t\t\t\t<div class=\"e-con-inner\">\n\t\t\t\t<div class=\"elementor-element elementor-element-8283802 elementor-widget elementor-widget-heading\" data-id=\"8283802\" data-element_type=\"widget\" data-e-type=\"widget\" data-widget_type=\"heading.default\">\n\t\t\t\t<div class=\"elementor-widget-container\">\n\t\t\t\t\t<h2 class=\"elementor-heading-title elementor-size-default\">Kits de poste de travail en MDF : chaleur et design<\/h2>\t\t\t\t<\/div>\n\t\t\t\t<\/div>\n\t\t\t\t<div class=\"elementor-element elementor-element-c2dc9a7 elementor-widget elementor-widget-text-editor\" data-id=\"c2dc9a7\" data-element_type=\"widget\" data-e-type=\"widget\" data-widget_type=\"text-editor.default\">\n\t\t\t\t<div class=\"elementor-widget-container\">\n\t\t\t\t\t\t\t\t\t<p>Les kits de poste de travail en MDF sont le choix id\u00e9al si vous imaginez votre garage comme un bureau \u00e9l\u00e9gant, un atelier priv\u00e9 au look chaleureux et contemporain.<\/p>\n<p>Les <strong>avantages<\/strong> des kits de poste de travail en MDF :<\/p>\n<ul>\n<li>Esth\u00e9tique chaleureuse et accueillante, parfaite si le garage est reli\u00e9 \u00e0 la maison ou visible depuis le salon.<\/li>\n<li>Surfaces agr\u00e9ables au toucher, qui rappellent un bureau ou un studio de design.<\/li>\n<li>Modularit\u00e9 : vous pouvez partir d&rsquo;une composition et l&rsquo;agrandir au fil du temps avec des \u00e9l\u00e9ments coordonn\u00e9s suppl\u00e9mentaires.<\/li>\n<li>Compromis parfait entre fonctionnalit\u00e9 technique et look raffin\u00e9.<\/li>\n<\/ul>\n<p>Ils sont <strong>id\u00e9aux<\/strong> pour ceux qui :<\/p>\n<ul>\n<li>Souhaitent un espace o\u00f9 travailler, mais aussi se d\u00e9tendre, \u00e9couter de la musique, d\u00e9guster un whisky.<\/li>\n<li>Souhaitent une coh\u00e9rence esth\u00e9tique avec le reste de la maison.<\/li>\n<li>Souhaitent un environnement qu&rsquo;ils peuvent montrer avec fiert\u00e9 \u00e0 leurs amis et invit\u00e9s.<\/li>\n<\/ul>\n<p>D\u00e9couvrez tous les <a href=\"https:\/\/www.garagemania.ch\/fr\/cat\u00e9gorie-de-produit\/kit-poste-de-travail-mdf\/\" target=\"_blank\" rel=\"noopener\"><strong>kits de poste de travail MDF<\/strong><\/a> de Garage Mania.<\/p>\n\t\t\t\t\t\t\t\t<\/div>\n\t\t\t\t<\/div>\n\t\t\t\t<div class=\"elementor-element elementor-element-0219aa4 elementor-widget elementor-widget-image\" data-id=\"0219aa4\" data-element_type=\"widget\" data-e-type=\"widget\" data-widget_type=\"image.default\">\n\t\t\t\t<div class=\"elementor-widget-container\">\n\t\t\t\t\t\t\t\t\t\t\t\t\t\t\t<img decoding=\"async\" width=\"960\" height=\"600\" src=\"https:\/\/www.garagemania.ch\/wp-content\/uploads\/2023\/11\/Trasforma-il-tuo-garage-con-i-prodotti-in-MDF.jpg\" class=\"attachment-full size-full wp-image-14537\" alt=\"Trasforma il tuo garage con i prodotti in MDF\" srcset=\"https:\/\/www.garagemania.ch\/wp-content\/uploads\/2023\/11\/Trasforma-il-tuo-garage-con-i-prodotti-in-MDF.jpg 960w, https:\/\/www.garagemania.ch\/wp-content\/uploads\/2023\/11\/Trasforma-il-tuo-garage-con-i-prodotti-in-MDF-400x250.jpg 400w, https:\/\/www.garagemania.ch\/wp-content\/uploads\/2023\/11\/Trasforma-il-tuo-garage-con-i-prodotti-in-MDF-768x480.jpg 768w, https:\/\/www.garagemania.ch\/wp-content\/uploads\/2023\/11\/Trasforma-il-tuo-garage-con-i-prodotti-in-MDF-600x375.jpg 600w\" sizes=\"(max-width: 960px) 100vw, 960px\" \/>\t\t\t\t\t\t\t\t\t\t\t\t\t\t\t<\/div>\n\t\t\t\t<\/div>\n\t\t\t\t\t<\/div>\n\t\t\t\t<\/div>\n\t\t<div class=\"elementor-element elementor-element-9a08114 e-flex e-con-boxed e-con e-parent\" data-id=\"9a08114\" data-element_type=\"container\" data-e-type=\"container\">\n\t\t\t\t\t<div class=\"e-con-inner\">\n\t\t\t\t<div class=\"elementor-element elementor-element-56f500d elementor-widget elementor-widget-heading\" data-id=\"56f500d\" data-element_type=\"widget\" data-e-type=\"widget\" data-widget_type=\"heading.default\">\n\t\t\t\t<div class=\"elementor-widget-container\">\n\t\t\t\t\t<h2 class=\"elementor-heading-title elementor-size-default\">Kit de poste de travail en acier : la force de l'atelier professionnel dans une version luxe<\/h2>\t\t\t\t<\/div>\n\t\t\t\t<\/div>\n\t\t\t\t<div class=\"elementor-element elementor-element-b968dbb elementor-widget elementor-widget-text-editor\" data-id=\"b968dbb\" data-element_type=\"widget\" data-e-type=\"widget\" data-widget_type=\"text-editor.default\">\n\t\t\t\t<div class=\"elementor-widget-container\">\n\t\t\t\t\t\t\t\t\t<p>Si, en revanche, vous imaginez plut\u00f4t un <strong>atelier professionnel<\/strong>, des d\u00e9partements de course, des espaces techniques o\u00f9 chaque outil a sa place, les kits de poste de travail en acier sont le choix naturel. Ici, le mot cl\u00e9 est la <strong>robustesse<\/strong> : mat\u00e9riaux solides, finitions professionnelles, r\u00e9sistance dans le temps.<\/p>\n\t\t\t\t\t\t\t\t<\/div>\n\t\t\t\t<\/div>\n\t\t\t\t\t<\/div>\n\t\t\t\t<\/div>\n\t\t<div class=\"elementor-element elementor-element-c57cb7e e-flex e-con-boxed e-con e-parent\" data-id=\"c57cb7e\" data-element_type=\"container\" data-e-type=\"container\">\n\t\t\t\t\t<div class=\"e-con-inner\">\n\t\t<div class=\"elementor-element elementor-element-9354273 e-con-full e-flex e-con e-child\" data-id=\"9354273\" data-element_type=\"container\" data-e-type=\"container\">\n\t\t\t\t<div class=\"elementor-element elementor-element-ee78454 elementor-widget elementor-widget-image\" data-id=\"ee78454\" data-element_type=\"widget\" data-e-type=\"widget\" data-widget_type=\"image.default\">\n\t\t\t\t<div class=\"elementor-widget-container\">\n\t\t\t\t\t\t\t\t\t\t\t\t\t\t\t<img decoding=\"async\" width=\"600\" height=\"600\" src=\"https:\/\/www.garagemania.ch\/wp-content\/uploads\/2021\/11\/Arreda-il-tuo-garage-con-il-kit-creato-apposta-per-te-firmato-Garage-Mania.jpg\" class=\"attachment-full size-full wp-image-8838\" alt=\"D\u00e9corez votre garage avec le kit cr\u00e9\u00e9  pour vous par Garage Mania\" srcset=\"https:\/\/www.garagemania.ch\/wp-content\/uploads\/2021\/11\/Arreda-il-tuo-garage-con-il-kit-creato-apposta-per-te-firmato-Garage-Mania.jpg 600w, https:\/\/www.garagemania.ch\/wp-content\/uploads\/2021\/11\/Arreda-il-tuo-garage-con-il-kit-creato-apposta-per-te-firmato-Garage-Mania-300x300.jpg 300w, https:\/\/www.garagemania.ch\/wp-content\/uploads\/2021\/11\/Arreda-il-tuo-garage-con-il-kit-creato-apposta-per-te-firmato-Garage-Mania-170x170.jpg 170w, https:\/\/www.garagemania.ch\/wp-content\/uploads\/2021\/11\/Arreda-il-tuo-garage-con-il-kit-creato-apposta-per-te-firmato-Garage-Mania-100x100.jpg 100w\" sizes=\"(max-width: 600px) 100vw, 600px\" \/>\t\t\t\t\t\t\t\t\t\t\t\t\t\t\t<\/div>\n\t\t\t\t<\/div>\n\t\t\t\t<\/div>\n\t\t<div class=\"elementor-element elementor-element-1bfdec7 e-con-full e-flex e-con e-child\" data-id=\"1bfdec7\" data-element_type=\"container\" data-e-type=\"container\">\n\t\t\t\t<div class=\"elementor-element elementor-element-11866f8 elementor-widget elementor-widget-text-editor\" data-id=\"11866f8\" data-element_type=\"widget\" data-e-type=\"widget\" data-widget_type=\"text-editor.default\">\n\t\t\t\t<div class=\"elementor-widget-container\">\n\t\t\t\t\t\t\t\t\t<p>Les <strong>avantages<\/strong> des kits de poste de travail en acier :<\/p>\n<ul>\n<li>Esth\u00e9tique technique et \u00ab racing \u00bb, parfaite pour ceux qui aiment l&rsquo;ambiance des ateliers haut de gamme.<\/li>\n<li>Structures robustes et stables, pr\u00eates \u00e0 supporter des charges, des chocs et une utilisation intensive.<\/li>\n<li>Facilit\u00e9 de nettoyage et d&rsquo;entretien, id\u00e9al si vous utilisez des huiles, des liquides et des outils de travail.<\/li>\n<li>Look coh\u00e9rent avec les voitures, les motos et les outils haute performance.<\/li>\n<\/ul>\n<p>Ils sont <strong>id\u00e9aux<\/strong> pour ceux qui :<\/p>\n<ul>\n<li>Utilisent souvent leur garage pour des travaux importants sur des voitures, des motos, des v\u00e9los ou des projets m\u00e9caniques.<\/li>\n<li>Souhaitent un environnement propre, ordonn\u00e9 et professionnel, sans compromis.<\/li>\n<li>Aiment l&rsquo;esth\u00e9tique industrielle haut de gamme, avec des lignes nettes et des mat\u00e9riaux m\u00e9talliques.<\/li>\n<\/ul>\n<p>D\u00e9couvrez tous les <a href=\"https:\/\/www.garagemania.ch\/fr\/cat\u00e9gorie-de-produit\/kit-poste-de-travail-en-acier\/\" target=\"_blank\" rel=\"noopener\"><strong>kits de poste de travail en acier<\/strong><\/a> de Garage Mania.<\/p>\n\t\t\t\t\t\t\t\t<\/div>\n\t\t\t\t<\/div>\n\t\t\t\t<\/div>\n\t\t\t\t\t<\/div>\n\t\t\t\t<\/div>\n\t\t<div class=\"elementor-element elementor-element-1c3c41c e-flex e-con-boxed e-con e-parent\" data-id=\"1c3c41c\" data-element_type=\"container\" data-e-type=\"container\">\n\t\t\t\t\t<div class=\"e-con-inner\">\n\t\t\t\t<div class=\"elementor-element elementor-element-3ec0df2 elementor-widget elementor-widget-heading\" data-id=\"3ec0df2\" data-element_type=\"widget\" data-e-type=\"widget\" data-widget_type=\"heading.default\">\n\t\t\t\t<div class=\"elementor-widget-container\">\n\t\t\t\t\t<h2 class=\"elementor-heading-title elementor-size-default\">Kits complets : des solutions con\u00e7ues pour ceux qui n'acceptent aucun compromis<\/h2>\t\t\t\t<\/div>\n\t\t\t\t<\/div>\n\t\t\t\t<div class=\"elementor-element elementor-element-a2b67f0 elementor-widget elementor-widget-text-editor\" data-id=\"a2b67f0\" data-element_type=\"widget\" data-e-type=\"widget\" data-widget_type=\"text-editor.default\">\n\t\t\t\t<div class=\"elementor-widget-container\">\n\t\t\t\t\t\t\t\t\t<p>Les <strong>kits complets sign\u00e9s Garage Mania<\/strong> sont con\u00e7us pour ceux qui ne veulent pas perdre de temps \u00e0 assembler au hasard des meubles et des accessoires.<\/p>\n<p>Chaque kit est con\u00e7u comme une <strong>composition harmonieuse<\/strong>, dans laquelle le plan de travail, les conteneurs, les si\u00e8ges et les syst\u00e8mes muraux dialoguent entre eux et avec l&rsquo;espace disponible.<\/p>\n<p>Voici quelques-uns de nos kits :<\/p>\n<ul>\n<li><a href=\"https:\/\/www.garagemania.ch\/fr\/produit\/kit-1\/\" target=\"_blank\" rel=\"noopener\"><strong>Kit 1 poste en acier<\/strong><\/a> : \u00e9tabli et plan de travail en bois, chariot et caisson \u00e0 tiroirs avec roulettes et tabouret confortable.<\/li>\n<li><a href=\"https:\/\/www.garagemania.ch\/fr\/produit\/kit-2\/\" target=\"_blank\" rel=\"noopener\"><strong>Kit 2 postes en acier<\/strong> <\/a>: \u00e9tabli et 2 plans de travail en bois, 1 chariot et 1 caisson \u00e0 tiroirs avec roulettes, 1 tabouret design confortable, 3 armoires murales, 4 rails Geartrack\u00ae pour accrocher des produits au mur, 1 paquet de 32 vis et 1 paquet de capuchons pour rails.<\/li>\n<li><a href=\"https:\/\/www.garagemania.ch\/fr\/produit\/kit-passion-1\/\" target=\"_blank\" rel=\"noopener\"><strong>Kit Passion 1 MDF<\/strong><\/a> : \u00e9tabli, grands tiroirs, poubelle, grande armoire, deux \u00e9l\u00e9ments hauts avec \u00e9clairage LED int\u00e9gr\u00e9, 3 panneaux porte-outils Wall Control et 1 kit de crochets.<\/li>\n<li><a href=\"https:\/\/www.garagemania.ch\/fr\/produit\/kit-passion-2\/\" target=\"_blank\" rel=\"noopener\"><strong>Kit Passion 2 MDF<\/strong><\/a> : \u00e9tabli, meubles bas avec tiroirs et portes, \u00e9clairage LED int\u00e9gr\u00e9, 5 panneaux porte-outils Wall Control et 1 kit de crochets.<\/li>\n<\/ul>\n\t\t\t\t\t\t\t\t<\/div>\n\t\t\t\t<\/div>\n\t\t\t\t<div class=\"elementor-element elementor-element-874dec0 elementor-widget elementor-widget-heading\" data-id=\"874dec0\" data-element_type=\"widget\" data-e-type=\"widget\" data-widget_type=\"heading.default\">\n\t\t\t\t<div class=\"elementor-widget-container\">\n\t\t\t\t\t<h2 class=\"elementor-heading-title elementor-size-default\">MDF ou acier ? Comment choisir le kit adapt\u00e9 \u00e0 votre \u00ab espace homme \u00bb<\/h2>\t\t\t\t<\/div>\n\t\t\t\t<\/div>\n\t\t\t\t<div class=\"elementor-element elementor-element-ba27b69 elementor-widget elementor-widget-text-editor\" data-id=\"ba27b69\" data-element_type=\"widget\" data-e-type=\"widget\" data-widget_type=\"text-editor.default\">\n\t\t\t\t<div class=\"elementor-widget-container\">\n\t\t\t\t\t\t\t\t\t<p>La question cl\u00e9 est la suivante : quelle ambiance souhaitez-vous respirer lorsque vous fermez la porte du garage derri\u00e8re vous ?<\/p>\n<p>Si vous imaginez un environnement plus chaleureux, semblable \u00e0 un cabinet priv\u00e9, o\u00f9 le travail manuel cohabite avec des moments de d\u00e9tente, de musique et de conversation, les postes de travail en MDF sont le choix naturel.<\/p>\n<p>Si vous consid\u00e9rez votre garage comme un atelier personnel, o\u00f9 l&rsquo;accent est mis sur le travail, les performances et la fonctionnalit\u00e9 professionnelle, les postes de travail en acier sont ce qu&rsquo;il vous faut.<\/p>\n<p>Dans les deux cas, opter pour des <strong>kits complets<\/strong> pour garage vous permet :<\/p>\n<ul>\n<li>D&rsquo;\u00e9viter les combinaisons al\u00e9atoires et peu coh\u00e9rentes.<\/li>\n<li>D&rsquo;obtenir un r\u00e9sultat imm\u00e9diatement ordonn\u00e9 et percutant.<\/li>\n<li>Augmentez la valeur per\u00e7ue de votre propri\u00e9t\u00e9 et de votre routine quotidienne.<\/li>\n<\/ul>\n\t\t\t\t\t\t\t\t<\/div>\n\t\t\t\t<\/div>\n\t\t\t\t\t<\/div>\n\t\t\t\t<\/div>\n\t\t<div class=\"elementor-element elementor-element-4f4fd15 e-flex e-con-boxed e-con e-parent\" data-id=\"4f4fd15\" data-element_type=\"container\" data-e-type=\"container\">\n\t\t\t\t\t<div class=\"e-con-inner\">\n\t\t<div class=\"elementor-element elementor-element-23a2976 e-con-full e-flex e-con e-child\" data-id=\"23a2976\" data-element_type=\"container\" data-e-type=\"container\">\n\t\t\t\t<div class=\"elementor-element elementor-element-a51311d elementor-widget elementor-widget-image\" data-id=\"a51311d\" data-element_type=\"widget\" data-e-type=\"widget\" data-widget_type=\"image.default\">\n\t\t\t\t<div class=\"elementor-widget-container\">\n\t\t\t\t\t\t\t\t\t\t\t\t\t\t\t<img loading=\"lazy\" decoding=\"async\" width=\"600\" height=\"600\" src=\"https:\/\/www.garagemania.ch\/wp-content\/uploads\/2021\/11\/Garage-Mania-il-Kit-completo-per-il-tuo-garage.jpg\" class=\"attachment-full size-full wp-image-8803\" alt=\"Garage Mania le kit complet pour votre garage\" srcset=\"https:\/\/www.garagemania.ch\/wp-content\/uploads\/2021\/11\/Garage-Mania-il-Kit-completo-per-il-tuo-garage.jpg 600w, https:\/\/www.garagemania.ch\/wp-content\/uploads\/2021\/11\/Garage-Mania-il-Kit-completo-per-il-tuo-garage-300x300.jpg 300w, https:\/\/www.garagemania.ch\/wp-content\/uploads\/2021\/11\/Garage-Mania-il-Kit-completo-per-il-tuo-garage-170x170.jpg 170w, https:\/\/www.garagemania.ch\/wp-content\/uploads\/2021\/11\/Garage-Mania-il-Kit-completo-per-il-tuo-garage-100x100.jpg 100w\" sizes=\"(max-width: 600px) 100vw, 600px\" \/>\t\t\t\t\t\t\t\t\t\t\t\t\t\t\t<\/div>\n\t\t\t\t<\/div>\n\t\t\t\t<\/div>\n\t\t<div class=\"elementor-element elementor-element-c3bd288 e-con-full e-flex e-con e-child\" data-id=\"c3bd288\" data-element_type=\"container\" data-e-type=\"container\">\n\t\t\t\t<div class=\"elementor-element elementor-element-2c09a3f elementor-widget elementor-widget-heading\" data-id=\"2c09a3f\" data-element_type=\"widget\" data-e-type=\"widget\" data-widget_type=\"heading.default\">\n\t\t\t\t<div class=\"elementor-widget-container\">\n\t\t\t\t\t<h2 class=\"elementor-heading-title elementor-size-default\">Comment structurer votre nouveau \u00ab sanctuaire \u00bb<\/h2>\t\t\t\t<\/div>\n\t\t\t\t<\/div>\n\t\t\t\t<div class=\"elementor-element elementor-element-a9152d7 elementor-widget elementor-widget-text-editor\" data-id=\"a9152d7\" data-element_type=\"widget\" data-e-type=\"widget\" data-widget_type=\"text-editor.default\">\n\t\t\t\t<div class=\"elementor-widget-container\">\n\t\t\t\t\t\t\t\t\t<p>Une fois le kit choisi, consid\u00e9rez le garage comme un petit projet de d\u00e9coration d&rsquo;int\u00e9rieur masculin :<\/p>\n<ul>\n<li>D\u00e9cidez quel mur deviendra \u00ab votre poste de travail \u00bb : c&rsquo;est le d\u00e9cor principal, celui que vous voyez en entrant.<\/li>\n<li>Planifiez ce que vous voulez garder \u00e0 la vue (outils, collections, objets de design) et ce que vous pr\u00e9f\u00e9rez cacher (stocks, mat\u00e9riaux, \u00e9quipements encombrants).<\/li>\n<li>Soignez l&rsquo;\u00e9clairage de votre poste de travail : un \u00e9clairage ad\u00e9quat met en valeur les surfaces et les finitions et rend le travail plus pr\u00e9cis et plus agr\u00e9able.<\/li>\n<li>Ajoutez une touche personnelle : une affiche, un logo, une plaque, un objet qui vous repr\u00e9sente et qui rend l&rsquo;espace unique.<\/li>\n<\/ul>\n\t\t\t\t\t\t\t\t<\/div>\n\t\t\t\t<\/div>\n\t\t\t\t<\/div>\n\t\t\t\t\t<\/div>\n\t\t\t\t<\/div>\n\t\t<div class=\"elementor-element elementor-element-67c355b e-flex e-con-boxed e-con e-parent\" data-id=\"67c355b\" data-element_type=\"container\" data-e-type=\"container\">\n\t\t\t\t\t<div class=\"e-con-inner\">\n\t\t\t\t<div class=\"elementor-element elementor-element-6d12d32 elementor-widget elementor-widget-text-editor\" data-id=\"6d12d32\" data-element_type=\"widget\" data-e-type=\"widget\" data-widget_type=\"text-editor.default\">\n\t\t\t\t<div class=\"elementor-widget-container\">\n\t\t\t\t\t\t\t\t\t<p>Le r\u00e9sultat doit \u00eatre clair : le garage n&rsquo;est plus un lieu de passage, mais votre <strong>espace ad hoc<\/strong>, o\u00f9 vous pouvez vous isoler du reste, ralentir et vous consacrer \u00e0 ce qui vous passionne, entour\u00e9 d&rsquo;ordre, de mat\u00e9riaux de qualit\u00e9 et d&rsquo;un design \u00e0 la hauteur de votre style de vie.<\/p>\n<p>Vous \u00eates curieux de voir nos r\u00e9alisations ? D\u00e9couvrez nos galeries :<a href=\"https:\/\/www.garagemania.ch\/fr\/gallery\/\" target=\"_blank\" rel=\"noopener\"><strong> Galerie Gladiator<\/strong> <\/a>et <a href=\"https:\/\/www.garagemania.ch\/fr\/galerie-trm-garage\/\" target=\"_blank\" rel=\"noopener\"><strong>Galerie TRM Garage<\/strong><\/a>.<\/p>\n\t\t\t\t\t\t\t\t<\/div>\n\t\t\t\t<\/div>\n\t\t\t\t<div class=\"elementor-element elementor-element-9a113ba elementor-widget elementor-widget-heading\" data-id=\"9a113ba\" data-element_type=\"widget\" data-e-type=\"widget\" data-widget_type=\"heading.default\">\n\t\t\t\t<div class=\"elementor-widget-container\">\n\t\t\t\t\t<h3 class=\"elementor-heading-title elementor-size-default\">Am\u00e9nagez et optimisez votre garage : lisez \u00e9galement ces articles !<\/h3>\t\t\t\t<\/div>\n\t\t\t\t<\/div>\n\t\t\t\t<div class=\"elementor-element elementor-element-109bf1d elementor-widget elementor-widget-text-editor\" data-id=\"109bf1d\" data-element_type=\"widget\" data-e-type=\"widget\" data-widget_type=\"text-editor.default\">\n\t\t\t\t<div class=\"elementor-widget-container\">\n\t\t\t\t\t\t\t\t\t<ul>\n<li><a href=\"https:\/\/www.garagemania.ch\/fr\/systemes-de-rangement-de-garage-solutions-pratiques-et-organisees\/\" target=\"_blank\" rel=\"noopener\">Parois \u00e9quip\u00e9es pour garage : solutions pratiques et organis\u00e9es<\/a><\/li>\n<li><a href=\"https:\/\/www.garagemania.ch\/fr\/transformer-son-garage-en-atelier\/\" target=\"_blank\" rel=\"noopener\">Comment am\u00e9nager un garage et le transformer en atelier<\/a><\/li>\n<li><a href=\"https:\/\/www.garagemania.ch\/fr\/7-conseils-pour-organiser-son-garage\/\" target=\"_blank\" rel=\"noopener\">7 fa\u00e7ons d&rsquo;organiser l&rsquo;espace de votre garage<\/a><\/li>\n<\/ul>\n<p><span style=\"font-weight: 400;\"><a href=\"https:\/\/www.garagemania.ch\/fr\/contacts\/\" target=\"_blank\" rel=\"noopener\"><strong>Contactez-nous<\/strong><\/a> pour plus d&rsquo;informations ou demandez un <a href=\"https:\/\/www.garagemania.ch\/fr\/devis-gratuit\/\" target=\"_blank\" rel=\"noopener\"><strong>devis gratuit<\/strong><\/a> !<\/span><\/p>\n\t\t\t\t\t\t\t\t<\/div>\n\t\t\t\t<\/div>\n\t\t\t\t\t<\/div>\n\t\t\t\t<\/div>\n\t\t\t\t<\/div>\n\t\t","protected":false},"excerpt":{"rendered":"<p>Pour beaucoup des personnes, le garage n&rsquo;est pas seulement un lieu de passage, mais un v\u00e9ritable refuge personnel&#8230;<\/p>\n","protected":false},"author":2,"featured_media":17463,"comment_status":"open","ping_status":"open","sticky":false,"template":"","format":"standard","meta":{"site-sidebar-layout":"default","site-content-layout":"","ast-site-content-layout":"default","site-content-style":"default","site-sidebar-style":"default","ast-global-header-display":"","ast-banner-title-visibility":"","ast-main-header-display":"","ast-hfb-above-header-display":"","ast-hfb-below-header-display":"","ast-hfb-mobile-header-display":"","site-post-title":"","ast-breadcrumbs-content":"","ast-featured-img":"","footer-sml-layout":"","ast-disable-related-posts":"","theme-transparent-header-meta":"","adv-header-id-meta":"","stick-header-meta":"","header-above-stick-meta":"","header-main-stick-meta":"","header-below-stick-meta":"","astra-migrate-meta-layouts":"default","ast-page-background-enabled":"default","ast-page-background-meta":{"desktop":{"background-color":"","background-image":"","background-repeat":"repeat","background-position":"center center","background-size":"auto","background-attachment":"scroll","background-type":"","background-media":"","overlay-type":"","overlay-color":"","overlay-opacity":"","overlay-gradient":""},"tablet":{"background-color":"","background-image":"","background-repeat":"repeat","background-position":"center center","background-size":"auto","background-attachment":"scroll","background-type":"","background-media":"","overlay-type":"","overlay-color":"","overlay-opacity":"","overlay-gradient":""},"mobile":{"background-color":"","background-image":"","background-repeat":"repeat","background-position":"center center","background-size":"auto","background-attachment":"scroll","background-type":"","background-media":"","overlay-type":"","overlay-color":"","overlay-opacity":"","overlay-gradient":""}},"ast-content-background-meta":{"desktop":{"background-color":"var(--ast-global-color-5)","background-image":"","background-repeat":"repeat","background-position":"center center","background-size":"auto","background-attachment":"scroll","background-type":"","background-media":"","overlay-type":"","overlay-color":"","overlay-opacity":"","overlay-gradient":""},"tablet":{"background-color":"var(--ast-global-color-5)","background-image":"","background-repeat":"repeat","background-position":"center center","background-size":"auto","background-attachment":"scroll","background-type":"","background-media":"","overlay-type":"","overlay-color":"","overlay-opacity":"","overlay-gradient":""},"mobile":{"background-color":"var(--ast-global-color-5)","background-image":"","background-repeat":"repeat","background-position":"center center","background-size":"auto","background-attachment":"scroll","background-type":"","background-media":"","overlay-type":"","overlay-color":"","overlay-opacity":"","overlay-gradient":""}},"footnotes":""},"categories":[1434],"tags":[],"class_list":["post-17469","post","type-post","status-publish","format-standard","has-post-thumbnail","hentry","category-amenagement-garage"],"yoast_head":"<!-- This site is optimized with the Yoast SEO Premium plugin v27.5 (Yoast SEO v27.5) - https:\/\/yoast.com\/product\/yoast-seo-premium-wordpress\/ -->\n<title>Transformez votre garage en refuge : d\u00e9couvrez nos kits d&#039;am\u00e9nagement<\/title>\n<meta name=\"description\" content=\"D\u00e9couvrez comment transformer votre garage en un espace haut de gamme, fonctionnel et design gr\u00e2ce aux kits de rangement sign\u00e9s Garage Mania.\" \/>\n<meta name=\"robots\" content=\"index, follow, max-snippet:-1, max-image-preview:large, max-video-preview:-1\" \/>\n<link rel=\"canonical\" href=\"https:\/\/www.garagemania.ch\/fr\/transformez-votre-garage-en-refuge-decouvrez-nos-kits-damenagement\/\" \/>\n<meta property=\"og:locale\" content=\"fr_FR\" \/>\n<meta property=\"og:type\" content=\"article\" \/>\n<meta property=\"og:title\" content=\"Transformez votre garage en refuge : d\u00e9couvrez nos kits d&#039;am\u00e9nagement\" \/>\n<meta property=\"og:description\" content=\"D\u00e9couvrez comment transformer votre garage en un espace haut de gamme, fonctionnel et design gr\u00e2ce aux kits de rangement sign\u00e9s Garage Mania.\" \/>\n<meta property=\"og:url\" content=\"https:\/\/www.garagemania.ch\/fr\/transformez-votre-garage-en-refuge-decouvrez-nos-kits-damenagement\/\" \/>\n<meta property=\"og:site_name\" content=\"Garage Mania\" \/>\n<meta property=\"article:publisher\" content=\"https:\/\/www.facebook.com\/garagemania.it\/\" \/>\n<meta property=\"article:published_time\" content=\"2026-01-29T14:14:44+00:00\" \/>\n<meta property=\"article:modified_time\" content=\"2026-04-13T07:31:58+00:00\" \/>\n<meta property=\"og:image\" content=\"https:\/\/www.garagemania.ch\/wp-content\/uploads\/2026\/01\/scopri-kit-postazione-garage-mania.jpg\" \/>\n\t<meta property=\"og:image:width\" content=\"1000\" \/>\n\t<meta property=\"og:image:height\" content=\"500\" \/>\n\t<meta property=\"og:image:type\" content=\"image\/jpeg\" \/>\n<meta name=\"author\" content=\"Ufficio Stampa\" \/>\n<meta name=\"twitter:card\" content=\"summary_large_image\" \/>\n<meta name=\"twitter:label1\" content=\"\u00c9crit par\" \/>\n\t<meta name=\"twitter:data1\" content=\"Ufficio Stampa\" \/>\n\t<meta name=\"twitter:label2\" content=\"Dur\u00e9e de lecture estim\u00e9e\" \/>\n\t<meta name=\"twitter:data2\" content=\"7 minutes\" \/>\n<script type=\"application\/ld+json\" class=\"yoast-schema-graph\">{\"@context\":\"https:\\\/\\\/schema.org\",\"@graph\":[{\"@type\":\"Article\",\"@id\":\"https:\\\/\\\/www.garagemania.ch\\\/fr\\\/transformez-votre-garage-en-refuge-decouvrez-nos-kits-damenagement\\\/#article\",\"isPartOf\":{\"@id\":\"https:\\\/\\\/www.garagemania.ch\\\/fr\\\/transformez-votre-garage-en-refuge-decouvrez-nos-kits-damenagement\\\/\"},\"author\":{\"name\":\"Ufficio Stampa\",\"@id\":\"https:\\\/\\\/www.garagemania.ch\\\/fr\\\/#\\\/schema\\\/person\\\/171adf94311a3bde603a14704a982329\"},\"headline\":\"Transformez votre garage en refuge : d\u00e9couvrez nos kits d&rsquo;am\u00e9nagement\",\"datePublished\":\"2026-01-29T14:14:44+00:00\",\"dateModified\":\"2026-04-13T07:31:58+00:00\",\"mainEntityOfPage\":{\"@id\":\"https:\\\/\\\/www.garagemania.ch\\\/fr\\\/transformez-votre-garage-en-refuge-decouvrez-nos-kits-damenagement\\\/\"},\"wordCount\":1346,\"commentCount\":0,\"publisher\":{\"@id\":\"https:\\\/\\\/www.garagemania.ch\\\/fr\\\/#organization\"},\"image\":{\"@id\":\"https:\\\/\\\/www.garagemania.ch\\\/fr\\\/transformez-votre-garage-en-refuge-decouvrez-nos-kits-damenagement\\\/#primaryimage\"},\"thumbnailUrl\":\"https:\\\/\\\/www.garagemania.ch\\\/wp-content\\\/uploads\\\/2026\\\/01\\\/scopri-kit-postazione-garage-mania.jpg\",\"articleSection\":[\"Am\u00e9nagement garage\"],\"inLanguage\":\"fr-FR\",\"potentialAction\":[{\"@type\":\"CommentAction\",\"name\":\"Comment\",\"target\":[\"https:\\\/\\\/www.garagemania.ch\\\/fr\\\/transformez-votre-garage-en-refuge-decouvrez-nos-kits-damenagement\\\/#respond\"]}]},{\"@type\":\"WebPage\",\"@id\":\"https:\\\/\\\/www.garagemania.ch\\\/fr\\\/transformez-votre-garage-en-refuge-decouvrez-nos-kits-damenagement\\\/\",\"url\":\"https:\\\/\\\/www.garagemania.ch\\\/fr\\\/transformez-votre-garage-en-refuge-decouvrez-nos-kits-damenagement\\\/\",\"name\":\"Transformez votre garage en refuge : d\u00e9couvrez nos kits d'am\u00e9nagement\",\"isPartOf\":{\"@id\":\"https:\\\/\\\/www.garagemania.ch\\\/fr\\\/#website\"},\"primaryImageOfPage\":{\"@id\":\"https:\\\/\\\/www.garagemania.ch\\\/fr\\\/transformez-votre-garage-en-refuge-decouvrez-nos-kits-damenagement\\\/#primaryimage\"},\"image\":{\"@id\":\"https:\\\/\\\/www.garagemania.ch\\\/fr\\\/transformez-votre-garage-en-refuge-decouvrez-nos-kits-damenagement\\\/#primaryimage\"},\"thumbnailUrl\":\"https:\\\/\\\/www.garagemania.ch\\\/wp-content\\\/uploads\\\/2026\\\/01\\\/scopri-kit-postazione-garage-mania.jpg\",\"datePublished\":\"2026-01-29T14:14:44+00:00\",\"dateModified\":\"2026-04-13T07:31:58+00:00\",\"description\":\"D\u00e9couvrez comment transformer votre garage en un espace haut de gamme, fonctionnel et design gr\u00e2ce aux kits de rangement sign\u00e9s Garage Mania.\",\"breadcrumb\":{\"@id\":\"https:\\\/\\\/www.garagemania.ch\\\/fr\\\/transformez-votre-garage-en-refuge-decouvrez-nos-kits-damenagement\\\/#breadcrumb\"},\"inLanguage\":\"fr-FR\",\"potentialAction\":[{\"@type\":\"ReadAction\",\"target\":[\"https:\\\/\\\/www.garagemania.ch\\\/fr\\\/transformez-votre-garage-en-refuge-decouvrez-nos-kits-damenagement\\\/\"]}]},{\"@type\":\"ImageObject\",\"inLanguage\":\"fr-FR\",\"@id\":\"https:\\\/\\\/www.garagemania.ch\\\/fr\\\/transformez-votre-garage-en-refuge-decouvrez-nos-kits-damenagement\\\/#primaryimage\",\"url\":\"https:\\\/\\\/www.garagemania.ch\\\/wp-content\\\/uploads\\\/2026\\\/01\\\/scopri-kit-postazione-garage-mania.jpg\",\"contentUrl\":\"https:\\\/\\\/www.garagemania.ch\\\/wp-content\\\/uploads\\\/2026\\\/01\\\/scopri-kit-postazione-garage-mania.jpg\",\"width\":1000,\"height\":500,\"caption\":\"Garage con tavolo e armadi arancioni\"},{\"@type\":\"BreadcrumbList\",\"@id\":\"https:\\\/\\\/www.garagemania.ch\\\/fr\\\/transformez-votre-garage-en-refuge-decouvrez-nos-kits-damenagement\\\/#breadcrumb\",\"itemListElement\":[{\"@type\":\"ListItem\",\"position\":1,\"name\":\"Home\",\"item\":\"https:\\\/\\\/www.garagemania.ch\\\/fr\\\/homepage\\\/\"},{\"@type\":\"ListItem\",\"position\":2,\"name\":\"Transformez votre garage en refuge : d\u00e9couvrez nos kits d&#8217;am\u00e9nagement\"}]},{\"@type\":\"WebSite\",\"@id\":\"https:\\\/\\\/www.garagemania.ch\\\/fr\\\/#website\",\"url\":\"https:\\\/\\\/www.garagemania.ch\\\/fr\\\/\",\"name\":\"Garage Mania\",\"description\":\"Il luogo ideale per tutti coloro che vogliono un garage super esclusivo\",\"publisher\":{\"@id\":\"https:\\\/\\\/www.garagemania.ch\\\/fr\\\/#organization\"},\"potentialAction\":[{\"@type\":\"SearchAction\",\"target\":{\"@type\":\"EntryPoint\",\"urlTemplate\":\"https:\\\/\\\/www.garagemania.ch\\\/fr\\\/?s={search_term_string}\"},\"query-input\":{\"@type\":\"PropertyValueSpecification\",\"valueRequired\":true,\"valueName\":\"search_term_string\"}}],\"inLanguage\":\"fr-FR\"},{\"@type\":\"Organization\",\"@id\":\"https:\\\/\\\/www.garagemania.ch\\\/fr\\\/#organization\",\"name\":\"GLADIATOR WORX SAGL\",\"url\":\"https:\\\/\\\/www.garagemania.ch\\\/fr\\\/\",\"logo\":{\"@type\":\"ImageObject\",\"inLanguage\":\"fr-FR\",\"@id\":\"https:\\\/\\\/www.garagemania.ch\\\/fr\\\/#\\\/schema\\\/logo\\\/image\\\/\",\"url\":\"https:\\\/\\\/www.garagemania.ch\\\/wp-content\\\/uploads\\\/2021\\\/03\\\/Logo-Garage-Mania.png\",\"contentUrl\":\"https:\\\/\\\/www.garagemania.ch\\\/wp-content\\\/uploads\\\/2021\\\/03\\\/Logo-Garage-Mania.png\",\"width\":300,\"height\":282,\"caption\":\"GLADIATOR WORX SAGL\"},\"image\":{\"@id\":\"https:\\\/\\\/www.garagemania.ch\\\/fr\\\/#\\\/schema\\\/logo\\\/image\\\/\"},\"sameAs\":[\"https:\\\/\\\/www.facebook.com\\\/garagemania.it\\\/\",\"https:\\\/\\\/www.instagram.com\\\/garagemania.it\\\/\"]},{\"@type\":\"Person\",\"@id\":\"https:\\\/\\\/www.garagemania.ch\\\/fr\\\/#\\\/schema\\\/person\\\/171adf94311a3bde603a14704a982329\",\"name\":\"Ufficio Stampa\",\"image\":{\"@type\":\"ImageObject\",\"inLanguage\":\"fr-FR\",\"@id\":\"https:\\\/\\\/secure.gravatar.com\\\/avatar\\\/c76bd8c666ec8fe7bb1550bb53e2af4b7780dcaed89f7a6526236c2ed1f63b95?s=96&d=mm&r=g\",\"url\":\"https:\\\/\\\/secure.gravatar.com\\\/avatar\\\/c76bd8c666ec8fe7bb1550bb53e2af4b7780dcaed89f7a6526236c2ed1f63b95?s=96&d=mm&r=g\",\"contentUrl\":\"https:\\\/\\\/secure.gravatar.com\\\/avatar\\\/c76bd8c666ec8fe7bb1550bb53e2af4b7780dcaed89f7a6526236c2ed1f63b95?s=96&d=mm&r=g\",\"caption\":\"Ufficio Stampa\"},\"url\":\"https:\\\/\\\/www.garagemania.ch\\\/fr\\\/author\\\/ideesol\\\/\"}]}<\/script>\n<!-- \/ Yoast SEO Premium plugin. -->","yoast_head_json":{"title":"Transformez votre garage en refuge : d\u00e9couvrez nos kits d'am\u00e9nagement","description":"D\u00e9couvrez comment transformer votre garage en un espace haut de gamme, fonctionnel et design gr\u00e2ce aux kits de rangement sign\u00e9s Garage Mania.","robots":{"index":"index","follow":"follow","max-snippet":"max-snippet:-1","max-image-preview":"max-image-preview:large","max-video-preview":"max-video-preview:-1"},"canonical":"https:\/\/www.garagemania.ch\/fr\/transformez-votre-garage-en-refuge-decouvrez-nos-kits-damenagement\/","og_locale":"fr_FR","og_type":"article","og_title":"Transformez votre garage en refuge : d\u00e9couvrez nos kits d'am\u00e9nagement","og_description":"D\u00e9couvrez comment transformer votre garage en un espace haut de gamme, fonctionnel et design gr\u00e2ce aux kits de rangement sign\u00e9s Garage Mania.","og_url":"https:\/\/www.garagemania.ch\/fr\/transformez-votre-garage-en-refuge-decouvrez-nos-kits-damenagement\/","og_site_name":"Garage Mania","article_publisher":"https:\/\/www.facebook.com\/garagemania.it\/","article_published_time":"2026-01-29T14:14:44+00:00","article_modified_time":"2026-04-13T07:31:58+00:00","og_image":[{"width":1000,"height":500,"url":"https:\/\/www.garagemania.ch\/wp-content\/uploads\/2026\/01\/scopri-kit-postazione-garage-mania.jpg","type":"image\/jpeg"}],"author":"Ufficio Stampa","twitter_card":"summary_large_image","twitter_misc":{"\u00c9crit par":"Ufficio Stampa","Dur\u00e9e de lecture estim\u00e9e":"7 minutes"},"schema":{"@context":"https:\/\/schema.org","@graph":[{"@type":"Article","@id":"https:\/\/www.garagemania.ch\/fr\/transformez-votre-garage-en-refuge-decouvrez-nos-kits-damenagement\/#article","isPartOf":{"@id":"https:\/\/www.garagemania.ch\/fr\/transformez-votre-garage-en-refuge-decouvrez-nos-kits-damenagement\/"},"author":{"name":"Ufficio Stampa","@id":"https:\/\/www.garagemania.ch\/fr\/#\/schema\/person\/171adf94311a3bde603a14704a982329"},"headline":"Transformez votre garage en refuge : d\u00e9couvrez nos kits d&rsquo;am\u00e9nagement","datePublished":"2026-01-29T14:14:44+00:00","dateModified":"2026-04-13T07:31:58+00:00","mainEntityOfPage":{"@id":"https:\/\/www.garagemania.ch\/fr\/transformez-votre-garage-en-refuge-decouvrez-nos-kits-damenagement\/"},"wordCount":1346,"commentCount":0,"publisher":{"@id":"https:\/\/www.garagemania.ch\/fr\/#organization"},"image":{"@id":"https:\/\/www.garagemania.ch\/fr\/transformez-votre-garage-en-refuge-decouvrez-nos-kits-damenagement\/#primaryimage"},"thumbnailUrl":"https:\/\/www.garagemania.ch\/wp-content\/uploads\/2026\/01\/scopri-kit-postazione-garage-mania.jpg","articleSection":["Am\u00e9nagement garage"],"inLanguage":"fr-FR","potentialAction":[{"@type":"CommentAction","name":"Comment","target":["https:\/\/www.garagemania.ch\/fr\/transformez-votre-garage-en-refuge-decouvrez-nos-kits-damenagement\/#respond"]}]},{"@type":"WebPage","@id":"https:\/\/www.garagemania.ch\/fr\/transformez-votre-garage-en-refuge-decouvrez-nos-kits-damenagement\/","url":"https:\/\/www.garagemania.ch\/fr\/transformez-votre-garage-en-refuge-decouvrez-nos-kits-damenagement\/","name":"Transformez votre garage en refuge : d\u00e9couvrez nos kits d'am\u00e9nagement","isPartOf":{"@id":"https:\/\/www.garagemania.ch\/fr\/#website"},"primaryImageOfPage":{"@id":"https:\/\/www.garagemania.ch\/fr\/transformez-votre-garage-en-refuge-decouvrez-nos-kits-damenagement\/#primaryimage"},"image":{"@id":"https:\/\/www.garagemania.ch\/fr\/transformez-votre-garage-en-refuge-decouvrez-nos-kits-damenagement\/#primaryimage"},"thumbnailUrl":"https:\/\/www.garagemania.ch\/wp-content\/uploads\/2026\/01\/scopri-kit-postazione-garage-mania.jpg","datePublished":"2026-01-29T14:14:44+00:00","dateModified":"2026-04-13T07:31:58+00:00","description":"D\u00e9couvrez comment transformer votre garage en un espace haut de gamme, fonctionnel et design gr\u00e2ce aux kits de rangement sign\u00e9s Garage Mania.","breadcrumb":{"@id":"https:\/\/www.garagemania.ch\/fr\/transformez-votre-garage-en-refuge-decouvrez-nos-kits-damenagement\/#breadcrumb"},"inLanguage":"fr-FR","potentialAction":[{"@type":"ReadAction","target":["https:\/\/www.garagemania.ch\/fr\/transformez-votre-garage-en-refuge-decouvrez-nos-kits-damenagement\/"]}]},{"@type":"ImageObject","inLanguage":"fr-FR","@id":"https:\/\/www.garagemania.ch\/fr\/transformez-votre-garage-en-refuge-decouvrez-nos-kits-damenagement\/#primaryimage","url":"https:\/\/www.garagemania.ch\/wp-content\/uploads\/2026\/01\/scopri-kit-postazione-garage-mania.jpg","contentUrl":"https:\/\/www.garagemania.ch\/wp-content\/uploads\/2026\/01\/scopri-kit-postazione-garage-mania.jpg","width":1000,"height":500,"caption":"Garage con tavolo e armadi arancioni"},{"@type":"BreadcrumbList","@id":"https:\/\/www.garagemania.ch\/fr\/transformez-votre-garage-en-refuge-decouvrez-nos-kits-damenagement\/#breadcrumb","itemListElement":[{"@type":"ListItem","position":1,"name":"Home","item":"https:\/\/www.garagemania.ch\/fr\/homepage\/"},{"@type":"ListItem","position":2,"name":"Transformez votre garage en refuge : d\u00e9couvrez nos kits d&#8217;am\u00e9nagement"}]},{"@type":"WebSite","@id":"https:\/\/www.garagemania.ch\/fr\/#website","url":"https:\/\/www.garagemania.ch\/fr\/","name":"Garage Mania","description":"Il luogo ideale per tutti coloro che vogliono un garage super esclusivo","publisher":{"@id":"https:\/\/www.garagemania.ch\/fr\/#organization"},"potentialAction":[{"@type":"SearchAction","target":{"@type":"EntryPoint","urlTemplate":"https:\/\/www.garagemania.ch\/fr\/?s={search_term_string}"},"query-input":{"@type":"PropertyValueSpecification","valueRequired":true,"valueName":"search_term_string"}}],"inLanguage":"fr-FR"},{"@type":"Organization","@id":"https:\/\/www.garagemania.ch\/fr\/#organization","name":"GLADIATOR WORX SAGL","url":"https:\/\/www.garagemania.ch\/fr\/","logo":{"@type":"ImageObject","inLanguage":"fr-FR","@id":"https:\/\/www.garagemania.ch\/fr\/#\/schema\/logo\/image\/","url":"https:\/\/www.garagemania.ch\/wp-content\/uploads\/2021\/03\/Logo-Garage-Mania.png","contentUrl":"https:\/\/www.garagemania.ch\/wp-content\/uploads\/2021\/03\/Logo-Garage-Mania.png","width":300,"height":282,"caption":"GLADIATOR WORX SAGL"},"image":{"@id":"https:\/\/www.garagemania.ch\/fr\/#\/schema\/logo\/image\/"},"sameAs":["https:\/\/www.facebook.com\/garagemania.it\/","https:\/\/www.instagram.com\/garagemania.it\/"]},{"@type":"Person","@id":"https:\/\/www.garagemania.ch\/fr\/#\/schema\/person\/171adf94311a3bde603a14704a982329","name":"Ufficio Stampa","image":{"@type":"ImageObject","inLanguage":"fr-FR","@id":"https:\/\/secure.gravatar.com\/avatar\/c76bd8c666ec8fe7bb1550bb53e2af4b7780dcaed89f7a6526236c2ed1f63b95?s=96&d=mm&r=g","url":"https:\/\/secure.gravatar.com\/avatar\/c76bd8c666ec8fe7bb1550bb53e2af4b7780dcaed89f7a6526236c2ed1f63b95?s=96&d=mm&r=g","contentUrl":"https:\/\/secure.gravatar.com\/avatar\/c76bd8c666ec8fe7bb1550bb53e2af4b7780dcaed89f7a6526236c2ed1f63b95?s=96&d=mm&r=g","caption":"Ufficio Stampa"},"url":"https:\/\/www.garagemania.ch\/fr\/author\/ideesol\/"}]}},"_links":{"self":[{"href":"https:\/\/www.garagemania.ch\/fr\/wp-json\/wp\/v2\/posts\/17469","targetHints":{"allow":["GET"]}}],"collection":[{"href":"https:\/\/www.garagemania.ch\/fr\/wp-json\/wp\/v2\/posts"}],"about":[{"href":"https:\/\/www.garagemania.ch\/fr\/wp-json\/wp\/v2\/types\/post"}],"author":[{"embeddable":true,"href":"https:\/\/www.garagemania.ch\/fr\/wp-json\/wp\/v2\/users\/2"}],"replies":[{"embeddable":true,"href":"https:\/\/www.garagemania.ch\/fr\/wp-json\/wp\/v2\/comments?post=17469"}],"version-history":[{"count":2,"href":"https:\/\/www.garagemania.ch\/fr\/wp-json\/wp\/v2\/posts\/17469\/revisions"}],"predecessor-version":[{"id":17474,"href":"https:\/\/www.garagemania.ch\/fr\/wp-json\/wp\/v2\/posts\/17469\/revisions\/17474"}],"wp:featuredmedia":[{"embeddable":true,"href":"https:\/\/www.garagemania.ch\/fr\/wp-json\/wp\/v2\/media\/17463"}],"wp:attachment":[{"href":"https:\/\/www.garagemania.ch\/fr\/wp-json\/wp\/v2\/media?parent=17469"}],"wp:term":[{"taxonomy":"category","embeddable":true,"href":"https:\/\/www.garagemania.ch\/fr\/wp-json\/wp\/v2\/categories?post=17469"},{"taxonomy":"post_tag","embeddable":true,"href":"https:\/\/www.garagemania.ch\/fr\/wp-json\/wp\/v2\/tags?post=17469"}],"curies":[{"name":"wp","href":"https:\/\/api.w.org\/{rel}","templated":true}]}}